{"id":6452,"date":"2013-05-11T12:00:17","date_gmt":"2013-05-11T10:00:17","guid":{"rendered":"https:\/\/www.dauner-handball.info\/?p=6452"},"modified":"2021-01-24T18:29:02","modified_gmt":"2021-01-24T17:29:02","slug":"vier-tage-party-fuer-40-jahre","status":"publish","type":"post","link":"https:\/\/www.dauner-handball.de\/?p=6452","title":{"rendered":"Vier Tage Party f\u00fcr 40 Jahre"},"content":{"rendered":"<p>Die Handballabteilung des TuS Daun feiert im Mai an vier Tagen ihren 40. Geburtstag (siehe Extra). Ein m\u00f6glicher Abstieg der ersten Herrenmannschaft in die Verbandsliga soll die Partystimmung nicht tr\u00fcben.<br \/>\nDaun. Es war ein Start nach Ma\u00df, damals im Jahr 1973. Im ersten Spiel nach der Gr\u00fcndung der Handballabteilung schickte der TuS Daun den TuS Pallien mit 27:3 nach Hause.<br \/>\nDie Eifeler setzten in den vergangenen Jahrzehnten mehrere Ausrufezeichen. Zu ihren Glanzzeiten war die erste Herren-Mannschaft in der Regionalliga aktiv. Die Chronik lenkt den Blick zudem auf au\u00dfergew\u00f6hnliche Spiele. Etwa auf die 14:18-Niederlage am 5. April 1979 gegen die Nationalmannschaft Brasiliens.<br \/>\nErfolgreichster Spieler der bisherigen Dauner Handballgeschichte ist Michael &#8222;Migo&#8220; Hein. Er war 20-facher Nationalspieler, Europapokalsieger mit TuRu D\u00fcsseldorf und Deutscher Meister mit TUSEM Essen.<\/p>\n<p>Heute m\u00fcssen die Eifeler kleinere Br\u00f6tchen backen. Die erste Herrenmannschaft k\u00e4mpft gegen den Abstieg aus der Rheinlandliga. Gelaufen ist noch nichts, schon gar nicht nach dem 28:23-Sieg am Wochenende gegen die SG G\u00f6senroth\/Laufersweiler (siehe Spielbericht). &#8222;Der Erfolg ist ein Hoffnungsschimmer&#8220;, sagt Trainer Markus Willems.<\/p>\n<p>Daun muss Tabellenzehnter werden. Dort steht derzeit die HSG Kastellaun\/Simmern. Der TuS braucht einen Punkt mehr als die Hunsr\u00fccker, da er den Direktvergleich gegen die HSG verloren hat. &#8222;Wir streben den Klassenerhalt an, wobei ein Abstieg die Jubil\u00e4umsstimmung nicht tr\u00fcben w\u00fcrde. Wir wissen unsere derzeitigen M\u00f6glichkeiten richtig einzusch\u00e4tzen&#8220;, sagt Willems.<\/p>\n<p>Auch Udo Billaudelle, Vorsitzender der TuS-Handballabteilung, w\u00fcrde den Klassenerhalt als Erfolg einstufen. &#8222;Im Herrenbereich sind wir ganz gut aufgestellt, bei den Damen werden wir in der n\u00e4chsten Saison nur noch mit einer Mannschaft antreten k\u00f6nnen. Wir m\u00fcssen versuchen, wieder mehr Jugendliche zum Handballspielen zu bringen&#8220;, skizziert Billaudelle die Herausforderungen. Vielleicht tr\u00e4gt das Fest im Mai dazu bei, neues Interesse zu wecken. Billaudelle: &#8222;Da ist f\u00fcr jeden etwas dabei.&#8220;<\/p>\n<p>Autor: Mirko Blahak<\/p>\n","protected":false},"excerpt":{"rendered":"<p>Die Handballabteilung des TuS Daun feiert im Mai an vier Tagen ihren 40. Geburtstag (siehe Extra). Ein m\u00f6glicher Abstieg der ersten Herrenmannschaft in die Verbandsliga soll die Partystimmung nicht tr\u00fcben. [&hellip;]<\/p>\n","protected":false},"author":1,"featured_media":6453,"comment_status":"closed","ping_status":"closed","sticky":false,"template":"","format":"image","meta":{"ngg_post_thumbnail":0,"footnotes":""},"categories":[115],"tags":[116],"class_list":["post-6452","post","type-post","status-publish","format-image","has-post-thumbnail","hentry","category-damals","tag-damals_wars","post_format-post-format-image"],"_links":{"self":[{"href":"https:\/\/www.dauner-handball.de\/index.php?rest_route=\/wp\/v2\/posts\/6452","targetHints":{"allow":["GET"]}}],"collection":[{"href":"https:\/\/www.dauner-handball.de\/index.php?rest_route=\/wp\/v2\/posts"}],"about":[{"href":"https:\/\/www.dauner-handball.de\/index.php?rest_route=\/wp\/v2\/types\/post"}],"author":[{"embeddable":true,"href":"https:\/\/www.dauner-handball.de\/index.php?rest_route=\/wp\/v2\/users\/1"}],"replies":[{"embeddable":true,"href":"https:\/\/www.dauner-handball.de\/index.php?rest_route=%2Fwp%2Fv2%2Fcomments&post=6452"}],"version-history":[{"count":1,"href":"https:\/\/www.dauner-handball.de\/index.php?rest_route=\/wp\/v2\/posts\/6452\/revisions"}],"predecessor-version":[{"id":6454,"href":"https:\/\/www.dauner-handball.de\/index.php?rest_route=\/wp\/v2\/posts\/6452\/revisions\/6454"}],"wp:featuredmedia":[{"embeddable":true,"href":"https:\/\/www.dauner-handball.de\/index.php?rest_route=\/wp\/v2\/media\/6453"}],"wp:attachment":[{"href":"https:\/\/www.dauner-handball.de\/index.php?rest_route=%2Fwp%2Fv2%2Fmedia&parent=6452"}],"wp:term":[{"taxonomy":"category","embeddable":true,"href":"https:\/\/www.dauner-handball.de\/index.php?rest_route=%2Fwp%2Fv2%2Fcategories&post=6452"},{"taxonomy":"post_tag","embeddable":true,"href":"https:\/\/www.dauner-handball.de\/index.php?rest_route=%2Fwp%2Fv2%2Ftags&post=6452"}],"curies":[{"name":"wp","href":"https:\/\/api.w.org\/{rel}","templated":true}]}}