{"id":53374,"date":"2026-01-31T23:00:39","date_gmt":"2026-01-31T22:00:39","guid":{"rendered":"https:\/\/www.dauner-handball.de\/?p=53374"},"modified":"2026-02-01T18:53:39","modified_gmt":"2026-02-01T17:53:39","slug":"1m-tus-05-daun-tv-bad-ems-4","status":"publish","type":"post","link":"https:\/\/www.dauner-handball.de\/?p=53374","title":{"rendered":"1M TuS 05 Daun &#8211; TV Bad Ems"},"content":{"rendered":"<div class=\"sportspress\"><div class=\"sp-section-content sp-section-content-logos\"><div class=\"sp-template sp-template-event-logos sp-template-event-logos-inline\"><div class=\"sp-event-logos sp-event-logos-2\"><span class=\"sp-team-logo\"><a href=\"https:\/\/www.dauner-handball.de\/?sp_team=tus-05-daun\"><strong class=\"sp-team-name\">TuS 05 Daun<\/strong> <img decoding=\"async\" width=\"124\" height=\"128\" src=\"https:\/\/www.dauner-handball.de\/wp-content\/uploads\/2020\/05\/tus-handballer-1-124x128.png\" class=\"attachment-sportspress-fit-icon size-sportspress-fit-icon wp-post-image\" alt=\"\" \/><\/a><\/span> - <span class=\"sp-team-logo\"><a href=\"https:\/\/www.dauner-handball.de\/?sp_team=tv-bad-ems\"><img decoding=\"async\" width=\"128\" height=\"128\" src=\"https:\/\/www.dauner-handball.de\/wp-content\/uploads\/2022\/07\/badems-128x128.jpeg\" class=\"attachment-sportspress-fit-icon size-sportspress-fit-icon wp-post-image\" alt=\"\" \/> <strong class=\"sp-team-name\">TV Bad Ems<\/strong><\/a><\/span><\/div><\/div><\/div><div class=\"sp-section-content sp-section-content-excerpt\"><\/div><div class=\"sp-section-content sp-section-content-content\"><p>Wie beim knappen Hinspielsieg der Bad Emser entwickelte sich von Beginn an eine ausgeglichen gef\u00fchrte Begegnung mit Vorteilen f\u00fcr die Mannschaft von Trainer Lukas Illigen, am Ende aber mit dem besseren Ausgang f\u00fcr die Kurst\u00e4dter.<\/p>\n<p>Mitte der ersten H\u00e4lfte lief das Dauner Spiel besser, die Mannschaft nutzte jetzt konsequent ihre Chancen und legte die 9:5 F\u00fchrung (17.) hin, die aber beim 10:10 (25.) verspielt war. So blieb das Spiel bei st\u00e4ndiger ein Tore F\u00fchrung des TuS bis zur Pause hart umk\u00e4mpft- Erneut dauerte es bis Mitte der Spielzeith\u00e4lfte, ehe die Mannschaft ihre F\u00fchrung wieder ausbaute und beim 20:17 (44.) alle Tr\u00fcmpfe in der Hand hatte. Doch es erwies sich als Spiegelbild der ersten H\u00e4lfte: Bad Ems glich in der 51. Minute zum 22:22 und jetzt war die spannende Schlussphase eingel\u00e4utet. In einem Herzschlagfinale gelang den G\u00e4sten die 24:25 F\u00fchrung knapp zwei Minuten vor dem Ende. Es folgten die Auszeiten h\u00fcben, wie dr\u00fcben, ehe dem Gast 18 Sekunden vor Ende der umjubelte Siegtreffer gelang.&nbsp;<\/p>\n<p>\u201eBad Ems reiste mit einer sehr jungen Mannschaft an, die mit vier A-Jugendlichen auflief. Sie verstanden es, das Tempo zu verschleppen, waren oft am Rande des Zeitspiels. Das hat die junge Mannschaft richtig clever gemacht! Wir haben bei unseren F\u00fchrungen die Chance nicht genutzt, um den Sack zuzumachen und bei uns hat sich das Fehlen von Podriezov (verletzt) in Abwehr und Angriff deutlich bemerkbar gemacht. Es h\u00e4uften sich die Fehler in unserem Spiel, bei dem wir im Mittelblock den gegnerischen Angreifer Juncker nicht in den Griff bekamen. Wir kassierten viele Siebenmeterentscheidungen gegen uns. Unter dem Strich haben wir heute schlecht gespielt zu viele Fehler gemacht und am Ende auch gegen die jungen Bad Emser Spieler keinen Zugriff mehr gehabt. So darf man zuhause nicht spielen, m\u00fcssen jetzt die Schippe in den n\u00e4chsten Spielen drauflegen und sehen, was mit Podriezov ist\u201c, so Dauns sportlicher Leiter Markus Willems.<\/p>\n<p>Quelle: mosel-handball.com<\/p>\nngg_shortcode_0_placeholder\n<p>Danke an Rene Lazina f\u00fcr die Foto&#8217;s.<\/p>\nngg_shortcode_1_placeholder\n<p>&nbsp;<\/p>\n<\/div><div class=\"sp-section-content sp-section-content-video\"><\/div><div class=\"sp-section-content sp-section-content-details\"><div class=\"sp-template sp-template-event-details\">\n\t<h4 class=\"sp-table-caption\">Details<\/h4>\n\t<div class=\"sp-table-wrapper\">\n\t\t<table class=\"sp-event-details sp-data-table\n\t\t\t\t\t sp-scrollable-table\">\n\t\t\t<thead>\n\t\t\t\t<tr>\n\t\t\t\t\t\t\t\t\t\t\t<th>Datum<\/th>\n\t\t\t\t\t\t\t\t\t\t\t\t<th>Zeit<\/th>\n\t\t\t\t\t\t\t\t\t\t\t\t<th>Liga<\/th>\n\t\t\t\t\t\t\t\t\t\t\t\t<th>Saison<\/th>\n\t\t\t\t\t\t\t\t\t\t<\/tr>\n\t\t\t<\/thead>\n\t\t\t<tbody>\n\t\t\t\t<tr class=\"odd\">\n\t\t\t\t\t\t\t\t\t\t\t<td>31. Januar 2026<\/td>\n\t\t\t\t\t\t\t\t\t\t\t\t<td>19:30<\/td>\n\t\t\t\t\t\t\t\t\t\t\t\t<td>Oberliga Rheinland Herren<\/td>\n\t\t\t\t\t\t\t\t\t\t\t\t<td>Saison 2025\/26<\/td>\n\t\t\t\t\t\t\t\t\t\t<\/tr>\n\t\t\t<\/tbody>\n\t\t<\/table>\n\t<\/div>\n<\/div>\n<\/div><div class=\"sp-section-content sp-section-content-venue\">\t<div class=\"sp-template sp-template-event-venue\">\n\t\t<h4 class=\"sp-table-caption\">Austragungsort<\/h4>\n\t\t<table class=\"sp-data-table sp-event-venue\">\n\t\t\t<thead>\n\t\t\t\t<tr>\n\t\t\t\t\t<th><a href=\"https:\/\/www.dauner-handball.de\/?sp_venue=wehrbueschhalle-daun\">Wehrb\u00fcschhalle<\/a><\/th>\n\t\t\t\t<\/tr>\n\t\t\t<\/thead>\n\t\t\t\t\t<\/table>\n\t<\/div>\n\t<\/div><div class=\"sp-section-content sp-section-content-results\"><div class=\"sp-template sp-template-event-results\">\n\t<h4 class=\"sp-table-caption\">Ergebnisse<\/h4><div class=\"sp-table-wrapper\"><table class=\"sp-event-results sp-data-table sp-scrollable-table\"><thead><th class=\"data-name\">Mannschaft<\/th><th class=\"data-firsthalf\">Halbzeit<\/th><th class=\"data-goals\">Endergebnis<\/th><\/tr><\/thead><tbody><tr class=\"odd\"><td class=\"data-name\"><a href=\"https:\/\/www.dauner-handball.de\/?sp_team=tus-05-daun\">TuS 05 Daun<\/a><\/td><td class=\"data-firsthalf\">14<\/td><td class=\"data-goals\">24<\/td><\/tr><tr class=\"even\"><td class=\"data-name\"><a href=\"https:\/\/www.dauner-handball.de\/?sp_team=tv-bad-ems\">TV Bad Ems<\/a><\/td><td class=\"data-firsthalf\">13<\/td><td class=\"data-goals\">26<\/td><\/tr><\/tbody><\/table><\/div><\/div>\n<\/div><div class=\"sp-section-content sp-section-content-performance\">\t\t<div class=\"sp-event-performance-tables sp-event-performance-teams\">\n\t\t\t<div class=\"sp-template sp-template-event-performance sp-template-event-performance-values\t\t\t\t\t\t\t\t\t\t\t\t\t\t\t\t\t\t\t\t\t\t\t   \">\n\t\t\t<h4 class=\"sp-table-caption\">TuS 05 Daun<\/h4>\n\t\t<div class=\"sp-table-wrapper\">\n\t\t<table class=\"sp-event-performance sp-data-table\n\t\t\t\t\t\n\t\t\t\t\t\t sp-scrollable-table\n\t\t\t\t\t\t\t sp-sortable-table\">\n\t\t\t<thead>\n\t\t\t\t<tr>\n\t\t\t\t\t\t\t\t\t\t\t\t\t\t\t\t\t\t\t\t\t\t\t\t\t\t<th class=\"data-number\">#<\/th>\n\t\t\t\t\t\t\t\t\t\t\t\t\t\t<th class=\"data-name\">\n\t\t\t\t\t\t\t\t\t\t\t\t\t\t\t\t\tSpieler\t\t\t\t\t\t\t\t\t\t\t\t\t\t\t<\/th>\n\t\t\t\t\t\t\t\t\t\t\t\t\t\t\t\t\t\t\t<th class=\"data-goals\">Tore<\/th>\n\t\t\t\t\t\t\t\t\t\t\t\t\t\t\t<\/tr>\n\t\t\t<\/thead>\n\t\t\t\t\t\t\t<tbody>\n\t\t\t\t\t<tr class=\"lineup odd\"><td class=\"data-number\" data-label=\"#\">6<\/td><td class=\"data-name\" data-label=\"Spieler\"><a href=\"https:\/\/www.dauner-handball.de\/?sp_player=luca-willems\">Luca Willems<\/a><\/td><td class=\"data-goals\" data-label=\"Tore\">0<\/td><\/tr><tr class=\"lineup even\"><td class=\"data-number\" data-label=\"#\">8<\/td><td class=\"data-name\" data-label=\"Spieler\"><a href=\"https:\/\/www.dauner-handball.de\/?sp_player=matthis-otto\">Matthis Otto<\/a><\/td><td class=\"data-goals\" data-label=\"Tore\">1<\/td><\/tr><tr class=\"lineup odd\"><td class=\"data-number\" data-label=\"#\">9<\/td><td class=\"data-name\" data-label=\"Spieler\"><a href=\"https:\/\/www.dauner-handball.de\/?sp_player=oliver-binder\">Oliver Binder<\/a><\/td><td class=\"data-goals\" data-label=\"Tore\">6<\/td><\/tr><tr class=\"lineup even\"><td class=\"data-number\" data-label=\"#\">11<\/td><td class=\"data-name\" data-label=\"Spieler\"><a href=\"https:\/\/www.dauner-handball.de\/?sp_player=jannis-willems\">Jannis Willems<\/a><\/td><td class=\"data-goals\" data-label=\"Tore\">7<\/td><\/tr><tr class=\"lineup odd\"><td class=\"data-number\" data-label=\"#\">13<\/td><td class=\"data-name\" data-label=\"Spieler\"><a href=\"https:\/\/www.dauner-handball.de\/?sp_player=maic-zenner\">Maic Zenner<\/a><\/td><td class=\"data-goals\" data-label=\"Tore\">1<\/td><\/tr><tr class=\"lineup even\"><td class=\"data-number\" data-label=\"#\">14<\/td><td class=\"data-name\" data-label=\"Spieler\"><a href=\"https:\/\/www.dauner-handball.de\/?sp_player=patrick-bruemmer\">Patrick Br\u00fcmmer<\/a><\/td><td class=\"data-goals\" data-label=\"Tore\">1<\/td><\/tr><tr class=\"lineup odd\"><td class=\"data-number\" data-label=\"#\">16<\/td><td class=\"data-name\" data-label=\"Spieler\"><a href=\"https:\/\/www.dauner-handball.de\/?sp_player=carsten-lindner\">Carsten Lindner<\/a><\/td><td class=\"data-goals\" data-label=\"Tore\">0<\/td><\/tr><tr class=\"lineup even\"><td class=\"data-number\" data-label=\"#\">21<\/td><td class=\"data-name\" data-label=\"Spieler\"><a href=\"https:\/\/www.dauner-handball.de\/?sp_player=mohammed-basibueyuek\">Muhammed Basib\u00fcy\u00fck<\/a><\/td><td class=\"data-goals\" data-label=\"Tore\">0<\/td><\/tr><tr class=\"lineup odd\"><td class=\"data-number\" data-label=\"#\">22<\/td><td class=\"data-name\" data-label=\"Spieler\"><a href=\"https:\/\/www.dauner-handball.de\/?sp_player=sebastian-praeder\">Sebastian Praeder<\/a><\/td><td class=\"data-goals\" data-label=\"Tore\">4<\/td><\/tr><tr class=\"lineup even\"><td class=\"data-number\" data-label=\"#\">25<\/td><td class=\"data-name\" data-label=\"Spieler\"><a href=\"https:\/\/www.dauner-handball.de\/?sp_player=oskar-hemmerden\">Oskar Hemmerden<\/a><\/td><td class=\"data-goals\" data-label=\"Tore\">0<\/td><\/tr><tr class=\"lineup odd\"><td class=\"data-number\" data-label=\"#\">27<\/td><td class=\"data-name\" data-label=\"Spieler\"><a href=\"https:\/\/www.dauner-handball.de\/?sp_player=ruslan-podriezov\">Ruslan Podriezov<\/a><\/td><td class=\"data-goals\" data-label=\"Tore\">0<\/td><\/tr><tr class=\"lineup even\"><td class=\"data-number\" data-label=\"#\">31<\/td><td class=\"data-name\" data-label=\"Spieler\"><a href=\"https:\/\/www.dauner-handball.de\/?sp_player=lukas-mayer\">Lukas Mayer<\/a><\/td><td class=\"data-goals\" data-label=\"Tore\">2<\/td><\/tr><tr class=\"lineup odd\"><td class=\"data-number\" data-label=\"#\">69<\/td><td class=\"data-name\" data-label=\"Spieler\"><a href=\"https:\/\/www.dauner-handball.de\/?sp_player=igor-rahn\">Igor Rahn<\/a><\/td><td class=\"data-goals\" data-label=\"Tore\">0<\/td><\/tr><tr class=\"lineup even\"><td class=\"data-number\" data-label=\"#\">99<\/td><td class=\"data-name\" data-label=\"Spieler\"><a href=\"https:\/\/www.dauner-handball.de\/?sp_player=konrad-meckelburg\">Konrad Meckelburg<\/a><\/td><td class=\"data-goals\" data-label=\"Tore\">2<\/td><\/tr>\t\t\t\t<\/tbody>\n\t\t\t\t\t\t\t\t\t\t<tfoot>\n\t\t\t\t\t\t\t\t\t\t\t<tr class=\"sp-total-row odd\">\n\t\t\t\t\t\t\t<td class=\"data-number\" data-label=\"&nbsp;\">&nbsp;<\/td><td class=\"data-name\" data-label=\"&nbsp;\">Gesamt<\/td><td class=\"data-goals\" data-label=\"Tore\">24<\/td>\t\t\t\t\t\t<\/tr>\n\t\t\t\t\t\t\t\t\t<\/tfoot>\n\t\t\t\t\t<\/table>\n\t\t<div class=\"sp-template sp-template-event-staff\">\n\t<p class=\"sp-event-staff\">\n\tTrainer: <a href=\"https:\/\/www.dauner-handball.de\/?sp_staff=lukas-illigen\">Lukas Illigen<\/a><br>\t<\/p>\n<\/div>\n\t<\/div>\n\t<\/div>\n<div class=\"sp-template sp-template-event-performance sp-template-event-performance-values\t\t\t\t\t\t\t\t\t\t\t\t\t\t\t\t\t\t\t\t\t\t\t   \">\n\t\t\t<h4 class=\"sp-table-caption\">TV Bad Ems<\/h4>\n\t\t<div class=\"sp-table-wrapper\">\n\t\t<table class=\"sp-event-performance sp-data-table\n\t\t\t\t\t\n\t\t\t\t\t\t sp-scrollable-table\n\t\t\t\t\t\t\t sp-sortable-table\">\n\t\t\t<thead>\n\t\t\t\t<tr>\n\t\t\t\t\t\t\t\t\t\t\t\t\t\t\t\t\t\t\t\t\t\t\t\t<th class=\"data-goals\">Tore<\/th>\n\t\t\t\t\t\t\t\t\t\t\t\t\t\t\t<\/tr>\n\t\t\t<\/thead>\n\t\t\t\t\t\t\t\t\t\t<tbody>\n\t\t\t\t\t\t\t\t\t\t\t<tr class=\"sp-total-row odd\">\n\t\t\t\t\t\t\t<td class=\"data-goals\" data-label=\"Tore\">26<\/td>\t\t\t\t\t\t<\/tr>\n\t\t\t\t\t\t\t\t\t<\/tbody>\n\t\t\t\t\t<\/table>\n\t\t\t<\/div>\n\t<\/div>\t\t<\/div><!-- .sp-event-performance-tables -->\n\t\t<\/div><div class=\"sp-section-content sp-section-content-past_meetings\"><\/div><div class=\"sp-section-content sp-section-content-timeline\"><\/div><div class=\"sp-tab-group\"><ul class=\"sp-tab-menu\"><li class=\"sp-tab-menu-item sp-tab-menu-item-active\"><a href=\"#sp-tab-content-officials\" data-sp-tab=\"officials\">Officials<\/a><\/li><\/ul><div class=\"sp-tab-content sp-tab-content-officials\" id=\"sp-tab-content-officials\" style=\"display: block\"><div class=\"sp-template sp-template-event-officials\">\n\t<h4 class=\"sp-table-caption\">Officials<\/h4>\n\t<div class=\"sp-table-wrapper\">\n\t\t<table class=\"sp-event-officials sp-data-table sp-scrollable-table\">\n\t\t\t<thead>\n\t\t\t\t<tr>\n\t\t\t\t\t<th class=\"data-name\">Schiedsrichter<\/th><th class=\"data-name\">Sekret\u00e4r<\/th><th class=\"data-name\">Zeitnehmer<\/th>\t\t\t\t<\/tr>\n\t\t\t<\/thead>\n\t\t\t<tbody>\n\t\t\t\t<tr>\n\t\t\t\t\t<td class=\"data-name\">Ernst Ebert<br>Thorsten Plattner<\/td><td class=\"data-name\">Alex L\u00fcders<\/td><td class=\"data-name\">J\u00fcrgen Weber<\/td>\t\t\t\t<\/tr>\n\t\t\t<\/tbody>\n\t\t<\/table>\n\t<\/div>\n<\/div><\/div><\/div><\/div>\n<p>&nbsp;<\/p>\n<p><iframe style=\"display: block; margin-left: auto; margin-right: auto; width: 640px; height: 900px;\" src=\"https:\/\/www.dauner-handball.de\/wp-content\/plugins\/pdf-viewer-for-elementor\/assets\/pdfjs\/web\/viewer.html?file=https:\/\/www.dauner-handball.de\/wp-content\/uploads\/2026\/01\/Heft_8_Komplett_2026_BadEms.pdf&amp;embedded=true\" frameborder=\"1\" marginwidth=\"0px\" marginheight=\"0px\" allowfullscreen=\"allowfullscreen\"><\/iframe><\/p>\n","protected":false},"excerpt":{"rendered":"<p>&nbsp;<\/p>\n","protected":false},"author":1,"featured_media":57678,"comment_status":"closed","ping_status":"closed","sticky":false,"template":"","format":"image","meta":{"ngg_post_thumbnail":0,"footnotes":""},"categories":[21,262],"tags":[28,256,264],"class_list":["post-53374","post","type-post","status-publish","format-image","has-post-thumbnail","hentry","category-1herren","category-2025-26","tag-1-herren","tag-oberliga-rheinland","tag-saison-2025-26","post_format-post-format-image"],"_links":{"self":[{"href":"https:\/\/www.dauner-handball.de\/index.php?rest_route=\/wp\/v2\/posts\/53374","targetHints":{"allow":["GET"]}}],"collection":[{"href":"https:\/\/www.dauner-handball.de\/index.php?rest_route=\/wp\/v2\/posts"}],"about":[{"href":"https:\/\/www.dauner-handball.de\/index.php?rest_route=\/wp\/v2\/types\/post"}],"author":[{"embeddable":true,"href":"https:\/\/www.dauner-handball.de\/index.php?rest_route=\/wp\/v2\/users\/1"}],"replies":[{"embeddable":true,"href":"https:\/\/www.dauner-handball.de\/index.php?rest_route=%2Fwp%2Fv2%2Fcomments&post=53374"}],"version-history":[{"count":10,"href":"https:\/\/www.dauner-handball.de\/index.php?rest_route=\/wp\/v2\/posts\/53374\/revisions"}],"predecessor-version":[{"id":53385,"href":"https:\/\/www.dauner-handball.de\/index.php?rest_route=\/wp\/v2\/posts\/53374\/revisions\/53385"}],"wp:featuredmedia":[{"embeddable":true,"href":"https:\/\/www.dauner-handball.de\/index.php?rest_route=\/wp\/v2\/media\/57678"}],"wp:attachment":[{"href":"https:\/\/www.dauner-handball.de\/index.php?rest_route=%2Fwp%2Fv2%2Fmedia&parent=53374"}],"wp:term":[{"taxonomy":"category","embeddable":true,"href":"https:\/\/www.dauner-handball.de\/index.php?rest_route=%2Fwp%2Fv2%2Fcategories&post=53374"},{"taxonomy":"post_tag","embeddable":true,"href":"https:\/\/www.dauner-handball.de\/index.php?rest_route=%2Fwp%2Fv2%2Ftags&post=53374"}],"curies":[{"name":"wp","href":"https:\/\/api.w.org\/{rel}","templated":true}]}}