{"id":53371,"date":"2026-01-31T22:30:28","date_gmt":"2026-01-31T21:30:28","guid":{"rendered":"https:\/\/www.dauner-handball.de\/?p=53371"},"modified":"2026-02-01T15:08:58","modified_gmt":"2026-02-01T14:08:58","slug":"1d-tus-05-daun-tv-bad-ems-2","status":"publish","type":"post","link":"https:\/\/www.dauner-handball.de\/?p=53371","title":{"rendered":"1D TuS 05 Daun &#8211; TV Bad Ems"},"content":{"rendered":"<div class=\"sportspress\"><div class=\"sp-section-content sp-section-content-logos\"><div class=\"sp-template sp-template-event-logos sp-template-event-logos-inline\"><div class=\"sp-event-logos sp-event-logos-2\"><span class=\"sp-team-logo\"><a href=\"https:\/\/www.dauner-handball.de\/?sp_team=tus-05-daun-2\"><strong class=\"sp-team-name\">TuS 05 Daun<\/strong> <img decoding=\"async\" width=\"124\" height=\"128\" src=\"https:\/\/www.dauner-handball.de\/wp-content\/uploads\/2020\/05\/tus-handballer-1-124x128.png\" class=\"attachment-sportspress-fit-icon size-sportspress-fit-icon wp-post-image\" alt=\"\" \/><\/a><\/span> - <span class=\"sp-team-logo\"><a href=\"https:\/\/www.dauner-handball.de\/?sp_team=tv-bad-ems\"><img decoding=\"async\" width=\"128\" height=\"128\" src=\"https:\/\/www.dauner-handball.de\/wp-content\/uploads\/2022\/07\/badems-128x128.jpeg\" class=\"attachment-sportspress-fit-icon size-sportspress-fit-icon wp-post-image\" alt=\"\" \/> <strong class=\"sp-team-name\">TV Bad Ems<\/strong><\/a><\/span><\/div><\/div><\/div><div class=\"sp-section-content sp-section-content-excerpt\"><\/div><div class=\"sp-section-content sp-section-content-content\"><p>Wichtiger Heimspielerfolg der Dauner Mannschaft im vier Punktespiel gegen Bad Ems! Die Mannschaft von Trainer Can Steuernagel kam gut in die Begegnung, f\u00fchrte \u00fcber 3:1 (5.) und bestimmte bis 9:5 (25.) weite Strecken das Spiel in der ersten H\u00e4lfte, dann gelang den Kurst\u00e4dterinnen der Anschluss mit zwei Treffern in Folge, doch Daun zeigte die Reaktion, setzte sich bis zur Pause auf 12:7 ab und alles deutete auf den wichtigen Heimspielerfolg des Can-Teams hin. Ausgeglichen dann der Verlauf der zweiten H\u00e4lfe, in der es dem Gastgeberteam gelang, die F\u00fchrung \u00fcber 18:13 (43.) bis 21:16 (53.) zu verteidigte, dann machte das Team mit den Treffern zum 23:16 (57.) den Deckel drauf.<\/p>\n<p>\u201eEin hart umk\u00e4mpfter Sieg, bei dem wir zu viele Chancen liegen lie\u00dfen, vor allem im Gegensto\u00dfspiel. Das Leben h\u00e4tten wir uns bei einer besseren Chancenverwertung einfacher machen k\u00f6nnen. Die Abwehr hat heute gut gearbeitet, dahinter eine starke Sarah Sonnen im Tor. Den Deckel h\u00e4tten wir so auf jeden Fall fr\u00fcher draufmachen m\u00fcssen, doch wir mussten nach dem Fehlen von Mia von Koten und Svenja Dausend auf der Mitte improvisieren. Letztlich aber eine gute Mannschaftsleistung, doch wir m\u00fcssen den Torabschluss verbessern\u201c, wei\u00df Dauns Coach Can Steuernagel.<\/p>\n<p>Quelle: mosel-handball.com<\/p>\nngg_shortcode_0_placeholder\n<p>Danke an Rene Lazina f\u00fcr die Foto&#8217;s.<\/p>\nngg_shortcode_1_placeholder\n<p>&nbsp;<\/p>\n<p>&nbsp;<\/p>\n<\/div><div class=\"sp-section-content sp-section-content-video\"><\/div><div class=\"sp-section-content sp-section-content-details\"><div class=\"sp-template sp-template-event-details\">\n\t<h4 class=\"sp-table-caption\">Details<\/h4>\n\t<div class=\"sp-table-wrapper\">\n\t\t<table class=\"sp-event-details sp-data-table\n\t\t\t\t\t sp-scrollable-table\">\n\t\t\t<thead>\n\t\t\t\t<tr>\n\t\t\t\t\t\t\t\t\t\t\t<th>Datum<\/th>\n\t\t\t\t\t\t\t\t\t\t\t\t<th>Zeit<\/th>\n\t\t\t\t\t\t\t\t\t\t\t\t<th>Liga<\/th>\n\t\t\t\t\t\t\t\t\t\t\t\t<th>Saison<\/th>\n\t\t\t\t\t\t\t\t\t\t<\/tr>\n\t\t\t<\/thead>\n\t\t\t<tbody>\n\t\t\t\t<tr class=\"odd\">\n\t\t\t\t\t\t\t\t\t\t\t<td>31. Januar 2026<\/td>\n\t\t\t\t\t\t\t\t\t\t\t\t<td>17:15<\/td>\n\t\t\t\t\t\t\t\t\t\t\t\t<td>Oberliga Rheinland Damen<\/td>\n\t\t\t\t\t\t\t\t\t\t\t\t<td>Saison 2025\/26<\/td>\n\t\t\t\t\t\t\t\t\t\t<\/tr>\n\t\t\t<\/tbody>\n\t\t<\/table>\n\t<\/div>\n<\/div>\n<\/div><div class=\"sp-section-content sp-section-content-venue\"><\/div><div class=\"sp-section-content sp-section-content-results\"><div class=\"sp-template sp-template-event-results\">\n\t<h4 class=\"sp-table-caption\">Ergebnisse<\/h4><div class=\"sp-table-wrapper\"><table class=\"sp-event-results sp-data-table sp-scrollable-table\"><thead><th class=\"data-name\">Mannschaft<\/th><th class=\"data-firsthalf\">Halbzeit<\/th><th class=\"data-goals\">Endergebnis<\/th><\/tr><\/thead><tbody><tr class=\"odd\"><td class=\"data-name\"><a href=\"https:\/\/www.dauner-handball.de\/?sp_team=tus-05-daun-2\">TuS 05 Daun<\/a><\/td><td class=\"data-firsthalf\">12<\/td><td class=\"data-goals\">24<\/td><\/tr><tr class=\"even\"><td class=\"data-name\"><a href=\"https:\/\/www.dauner-handball.de\/?sp_team=tv-bad-ems\">TV Bad Ems<\/a><\/td><td class=\"data-firsthalf\">7<\/td><td class=\"data-goals\">17<\/td><\/tr><\/tbody><\/table><\/div><\/div>\n<\/div><div class=\"sp-section-content sp-section-content-performance\">\t\t<div class=\"sp-event-performance-tables sp-event-performance-teams\">\n\t\t\t<div class=\"sp-template sp-template-event-performance sp-template-event-performance-values\t\t\t\t\t\t\t\t\t\t\t\t\t\t\t\t\t\t\t\t\t\t\t   \">\n\t\t\t<h4 class=\"sp-table-caption\">TuS 05 Daun<\/h4>\n\t\t<div class=\"sp-table-wrapper\">\n\t\t<table class=\"sp-event-performance sp-data-table\n\t\t\t\t\t\n\t\t\t\t\t\t sp-scrollable-table\n\t\t\t\t\t\t\t sp-sortable-table\">\n\t\t\t<thead>\n\t\t\t\t<tr>\n\t\t\t\t\t\t\t\t\t\t\t\t\t\t\t\t\t\t\t\t\t\t\t\t\t\t<th class=\"data-number\">#<\/th>\n\t\t\t\t\t\t\t\t\t\t\t\t\t\t<th class=\"data-name\">\n\t\t\t\t\t\t\t\t\t\t\t\t\t\t\t\t\tSpieler\t\t\t\t\t\t\t\t\t\t\t\t\t\t\t<\/th>\n\t\t\t\t\t\t\t\t\t\t\t\t\t\t\t\t\t\t\t<th class=\"data-goals\">Tore<\/th>\n\t\t\t\t\t\t\t\t\t\t\t\t\t\t\t<\/tr>\n\t\t\t<\/thead>\n\t\t\t\t\t\t\t<tbody>\n\t\t\t\t\t<tr class=\"lineup odd\"><td class=\"data-number\" data-label=\"#\">2<\/td><td class=\"data-name\" data-label=\"Spieler\"><a href=\"https:\/\/www.dauner-handball.de\/?sp_player=jana-schmitt\">Jana Schmitt<\/a><\/td><td class=\"data-goals\" data-label=\"Tore\">0<\/td><\/tr><tr class=\"lineup even\"><td class=\"data-number\" data-label=\"#\">4<\/td><td class=\"data-name\" data-label=\"Spieler\"><a href=\"https:\/\/www.dauner-handball.de\/?sp_player=lisa-kaiser\">Lisa Kaiser<\/a><\/td><td class=\"data-goals\" data-label=\"Tore\">1<\/td><\/tr><tr class=\"lineup odd\"><td class=\"data-number\" data-label=\"#\">5<\/td><td class=\"data-name\" data-label=\"Spieler\"><a href=\"https:\/\/www.dauner-handball.de\/?sp_player=jessica-kutscheid\">Jessica Praeder<\/a><\/td><td class=\"data-goals\" data-label=\"Tore\">0<\/td><\/tr><tr class=\"lineup even\"><td class=\"data-number\" data-label=\"#\">7<\/td><td class=\"data-name\" data-label=\"Spieler\"><a href=\"https:\/\/www.dauner-handball.de\/?sp_player=elena-poster\">Elena Wynands<\/a><\/td><td class=\"data-goals\" data-label=\"Tore\">0<\/td><\/tr><tr class=\"lineup odd\"><td class=\"data-number\" data-label=\"#\">8<\/td><td class=\"data-name\" data-label=\"Spieler\"><a href=\"https:\/\/www.dauner-handball.de\/?sp_player=lena-kretzer\">Lena Kretzer<\/a><\/td><td class=\"data-goals\" data-label=\"Tore\">6<\/td><\/tr><tr class=\"lineup even\"><td class=\"data-number\" data-label=\"#\">10<\/td><td class=\"data-name\" data-label=\"Spieler\"><a href=\"https:\/\/www.dauner-handball.de\/?sp_player=lara-basten\">Lara Schneider<\/a><\/td><td class=\"data-goals\" data-label=\"Tore\">2<\/td><\/tr><tr class=\"lineup odd\"><td class=\"data-number\" data-label=\"#\">11<\/td><td class=\"data-name\" data-label=\"Spieler\"><a href=\"https:\/\/www.dauner-handball.de\/?sp_player=kerstin-teusch\">Kerstin Teusch<\/a><\/td><td class=\"data-goals\" data-label=\"Tore\">0<\/td><\/tr><tr class=\"lineup even\"><td class=\"data-number\" data-label=\"#\">13<\/td><td class=\"data-name\" data-label=\"Spieler\"><a href=\"https:\/\/www.dauner-handball.de\/?sp_player=annalena-roemer\">Annalena R\u00f6mer<\/a><\/td><td class=\"data-goals\" data-label=\"Tore\">1<\/td><\/tr><tr class=\"lineup odd\"><td class=\"data-number\" data-label=\"#\">15<\/td><td class=\"data-name\" data-label=\"Spieler\"><a href=\"https:\/\/www.dauner-handball.de\/?sp_player=sarah-schuh\">Sarah Schuh<\/a><\/td><td class=\"data-goals\" data-label=\"Tore\">0<\/td><\/tr><tr class=\"lineup even\"><td class=\"data-number\" data-label=\"#\">28<\/td><td class=\"data-name\" data-label=\"Spieler\"><a href=\"https:\/\/www.dauner-handball.de\/?sp_player=finja-katzer\">Finja Katzer<\/a><\/td><td class=\"data-goals\" data-label=\"Tore\">6<\/td><\/tr><tr class=\"lineup odd\"><td class=\"data-number\" data-label=\"#\">33<\/td><td class=\"data-name\" data-label=\"Spieler\"><a href=\"https:\/\/www.dauner-handball.de\/?sp_player=sarah-sonnen\">Sarah Sonnen<\/a><\/td><td class=\"data-goals\" data-label=\"Tore\">0<\/td><\/tr><tr class=\"lineup even\"><td class=\"data-number\" data-label=\"#\">52<\/td><td class=\"data-name\" data-label=\"Spieler\"><a href=\"https:\/\/www.dauner-handball.de\/?sp_player=katharina-schick\">Katharina Schick<\/a><\/td><td class=\"data-goals\" data-label=\"Tore\">8<\/td><\/tr>\t\t\t\t<\/tbody>\n\t\t\t\t\t\t\t\t\t\t<tfoot>\n\t\t\t\t\t\t\t\t\t\t\t<tr class=\"sp-total-row odd\">\n\t\t\t\t\t\t\t<td class=\"data-number\" data-label=\"&nbsp;\">&nbsp;<\/td><td class=\"data-name\" data-label=\"&nbsp;\">Gesamt<\/td><td class=\"data-goals\" data-label=\"Tore\">24<\/td>\t\t\t\t\t\t<\/tr>\n\t\t\t\t\t\t\t\t\t<\/tfoot>\n\t\t\t\t\t<\/table>\n\t\t<div class=\"sp-template sp-template-event-staff\">\n\t<p class=\"sp-event-staff\">\n\tTrainer: <a href=\"https:\/\/www.dauner-handball.de\/?sp_staff=can-steuernagel\">Can Steuernagel<\/a><br>\t<\/p>\n<\/div>\n\t<\/div>\n\t<\/div>\n<div class=\"sp-template sp-template-event-performance sp-template-event-performance-values\t\t\t\t\t\t\t\t\t\t\t\t\t\t\t\t\t\t\t\t\t\t\t   \">\n\t\t\t<h4 class=\"sp-table-caption\">TV Bad Ems<\/h4>\n\t\t<div class=\"sp-table-wrapper\">\n\t\t<table class=\"sp-event-performance sp-data-table\n\t\t\t\t\t\n\t\t\t\t\t\t sp-scrollable-table\n\t\t\t\t\t\t\t sp-sortable-table\">\n\t\t\t<thead>\n\t\t\t\t<tr>\n\t\t\t\t\t\t\t\t\t\t\t\t\t\t\t\t\t\t\t\t\t\t\t\t<th class=\"data-goals\">Tore<\/th>\n\t\t\t\t\t\t\t\t\t\t\t\t\t\t\t<\/tr>\n\t\t\t<\/thead>\n\t\t\t\t\t\t\t\t\t\t<tbody>\n\t\t\t\t\t\t\t\t\t\t\t<tr class=\"sp-total-row odd\">\n\t\t\t\t\t\t\t<td class=\"data-goals\" data-label=\"Tore\">17<\/td>\t\t\t\t\t\t<\/tr>\n\t\t\t\t\t\t\t\t\t<\/tbody>\n\t\t\t\t\t<\/table>\n\t\t\t<\/div>\n\t<\/div>\t\t<\/div><!-- .sp-event-performance-tables -->\n\t\t<\/div><div class=\"sp-section-content sp-section-content-past_meetings\"><\/div><div class=\"sp-section-content sp-section-content-timeline\"><\/div><div class=\"sp-tab-group\"><ul class=\"sp-tab-menu\"><li class=\"sp-tab-menu-item sp-tab-menu-item-active\"><a href=\"#sp-tab-content-officials\" data-sp-tab=\"officials\">Officials<\/a><\/li><\/ul><div class=\"sp-tab-content sp-tab-content-officials\" id=\"sp-tab-content-officials\" style=\"display: block\"><div class=\"sp-template sp-template-event-officials\">\n\t<h4 class=\"sp-table-caption\">Officials<\/h4>\n\t<div class=\"sp-table-wrapper\">\n\t\t<table class=\"sp-event-officials sp-data-table sp-scrollable-table\">\n\t\t\t<thead>\n\t\t\t\t<tr>\n\t\t\t\t\t<th class=\"data-name\">Schiedsrichter<\/th><th class=\"data-name\">Sekret\u00e4r<\/th><th class=\"data-name\">Zeitnehmer<\/th>\t\t\t\t<\/tr>\n\t\t\t<\/thead>\n\t\t\t<tbody>\n\t\t\t\t<tr>\n\t\t\t\t\t<td class=\"data-name\">Ernst Ebert<br>Thorsten Plattner<\/td><td class=\"data-name\">Alwin Borsch<\/td><td class=\"data-name\">J\u00fcrgen Weber<\/td>\t\t\t\t<\/tr>\n\t\t\t<\/tbody>\n\t\t<\/table>\n\t<\/div>\n<\/div><\/div><\/div><\/div>\n","protected":false},"excerpt":{"rendered":"","protected":false},"author":1,"featured_media":56571,"comment_status":"closed","ping_status":"closed","sticky":false,"template":"","format":"image","meta":{"ngg_post_thumbnail":0,"footnotes":""},"categories":[23,262],"tags":[104,256,264],"class_list":["post-53371","post","type-post","status-publish","format-image","has-post-thumbnail","hentry","category-1-damen","category-2025-26","tag-1-damen","tag-oberliga-rheinland","tag-saison-2025-26","post_format-post-format-image"],"_links":{"self":[{"href":"https:\/\/www.dauner-handball.de\/index.php?rest_route=\/wp\/v2\/posts\/53371","targetHints":{"allow":["GET"]}}],"collection":[{"href":"https:\/\/www.dauner-handball.de\/index.php?rest_route=\/wp\/v2\/posts"}],"about":[{"href":"https:\/\/www.dauner-handball.de\/index.php?rest_route=\/wp\/v2\/types\/post"}],"author":[{"embeddable":true,"href":"https:\/\/www.dauner-handball.de\/index.php?rest_route=\/wp\/v2\/users\/1"}],"replies":[{"embeddable":true,"href":"https:\/\/www.dauner-handball.de\/index.php?rest_route=%2Fwp%2Fv2%2Fcomments&post=53371"}],"version-history":[{"count":1,"href":"https:\/\/www.dauner-handball.de\/index.php?rest_route=\/wp\/v2\/posts\/53371\/revisions"}],"predecessor-version":[{"id":53372,"href":"https:\/\/www.dauner-handball.de\/index.php?rest_route=\/wp\/v2\/posts\/53371\/revisions\/53372"}],"wp:featuredmedia":[{"embeddable":true,"href":"https:\/\/www.dauner-handball.de\/index.php?rest_route=\/wp\/v2\/media\/56571"}],"wp:attachment":[{"href":"https:\/\/www.dauner-handball.de\/index.php?rest_route=%2Fwp%2Fv2%2Fmedia&parent=53371"}],"wp:term":[{"taxonomy":"category","embeddable":true,"href":"https:\/\/www.dauner-handball.de\/index.php?rest_route=%2Fwp%2Fv2%2Fcategories&post=53371"},{"taxonomy":"post_tag","embeddable":true,"href":"https:\/\/www.dauner-handball.de\/index.php?rest_route=%2Fwp%2Fv2%2Ftags&post=53371"}],"curies":[{"name":"wp","href":"https:\/\/api.w.org\/{rel}","templated":true}]}}