{"id":30328,"date":"2024-03-16T20:59:38","date_gmt":"2024-03-16T19:59:38","guid":{"rendered":"https:\/\/www.dauner-handball.de\/?p=30328"},"modified":"2024-03-17T15:00:47","modified_gmt":"2024-03-17T14:00:47","slug":"mc-jugend-tus-05-daun-hc-koblenz","status":"publish","type":"post","link":"https:\/\/www.dauner-handball.de\/?p=30328","title":{"rendered":"mC-Jugend TuS 05 Daun &#8211; HC Koblenz"},"content":{"rendered":"<div class=\"m8h3af8h l7ghb35v kjdc1dyq kmwttqpk gh25dzvf n3t5jt4f\">\n<div dir=\"auto\"><div class=\"sportspress\"><div class=\"sp-section-content sp-section-content-logos\"><div class=\"sp-template sp-template-event-logos sp-template-event-logos-inline\"><div class=\"sp-event-logos sp-event-logos-2\"><span class=\"sp-team-logo\"><a href=\"https:\/\/www.dauner-handball.de\/?sp_team=mc-tus-05-daun\"><strong class=\"sp-team-name\">mC TuS 05 Daun<\/strong> <img decoding=\"async\" width=\"128\" height=\"128\" src=\"https:\/\/www.dauner-handball.de\/wp-content\/uploads\/2020\/09\/tus_handballer_webicon-128x128.png\" class=\"attachment-sportspress-fit-icon size-sportspress-fit-icon wp-post-image\" alt=\"\" \/><\/a><\/span> - <span class=\"sp-team-logo\"><a href=\"https:\/\/www.dauner-handball.de\/?sp_team=hc-koblenz-2\"><img decoding=\"async\" width=\"126\" height=\"128\" src=\"https:\/\/www.dauner-handball.de\/wp-content\/uploads\/2022\/06\/hc_koblenz-126x128.png\" class=\"attachment-sportspress-fit-icon size-sportspress-fit-icon wp-post-image\" alt=\"\" \/> <strong class=\"sp-team-name\">HC Koblenz II<\/strong><\/a><\/span><\/div><\/div><\/div><div class=\"sp-section-content sp-section-content-excerpt\"><\/div><div class=\"sp-section-content sp-section-content-content\"><div class=\"group dark:text-white-solid park-container-small print:max-w-container-small \" data-cy=\"article-content\" data-article-content=\"\">\n<div class=\"my-6 desktop:my-8 desktop:[.floated_&amp;]:mt-0 desktop:[.floated_&amp;]:mb-10 \" data-cy=\"article-content-text\">\n<p class=\"text_ohne_einzug richtext text-em-55 !leading-serif mx-6 desktop:mx-0\">Mit ihrem Sieg, in einem bis zur letzten Sekunde spannenden Spiel, sichern sich die Jungs des TuS 05 Daun, den Gewinn der Rheinlandliga Pokalrunde! Zun\u00e4chst starten die Gastgeber recht souver\u00e4n ins Spiel und zwangen G\u00e4stetrainer Ben Stemann bereits in der 6. Spielminute beim Stand von 5:2 zu einer ersten Auszeit. Koblenz kam danach besser ins Spiel und schaffte es bis zur Pause recht ausgeglichen zu gestalten. Daun ging mit einer 3 Tore F\u00fchrung in die Halbzeit. Nach dem Seitenwechsel scheiterten beide Mannschaften an den immer st\u00e4rker werdenden Torh\u00fctern und bei den Gastgebern schlichen sich in der Folge immer wieder technische Fehler ins Spiel ein. In den letzten anderthalb Minuten war das Spiel an Dramatik nicht mehr zu \u00fcberbieten. Koblenz verk\u00fcrzte in \u00dcberzahl auf 23:25 und 24:25, Dauns Angriffe endeten jeweils mit einem St\u00fcrmerfoul. 15 Sekunden vor dem Schluss hatte Koblenz den letzten Angriff, den die Dauner Abwehr aber abfangen und so die letzten 3 Sekunden runterspielen konnte.<\/p>\n<\/div>\n<\/div>\n<div class=\"group dark:text-white-solid park-container-small print:max-w-container-small \" data-cy=\"article-content\" data-article-content=\"\">\n<div class=\"my-6 desktop:my-8 desktop:[.floated_&amp;]:mt-0 desktop:[.floated_&amp;]:mb-10 \" data-cy=\"article-content-text\">\n<p class=\"richtext text-em-55 !leading-serif mx-6 desktop:mx-0\">&#8222;Ich freue mich total f\u00fcr die Mannschaft, dass wir, letztendlich dank der Unterst\u00fctzung aus Bad Ems, diese Pokalrunde gewinnen konnten! Aus einer tollen Mannschaftsleistung m\u00f6chte ich unseren Torh\u00fcter Mike Mehling und Ben Gerhardy-Salas hervorheben, die in den entscheidenden Situationen da waren und uns im Spiel gehalten haben. Mein besonderer Dank gilt Jochen Scheler, mit dem ich in vielen Trainingseinheiten die Mannschaft formen und entwickeln konnte. F\u00fcr ihn war heute das letzte Spiel auf der Bank und als Trainer einer Mannschaft. Ich sehe die Jungs auf dem richtigen Weg und hoffe, sie auch in der n\u00e4chsten Saison begleiten zu k\u00f6nnen,&#8220; so Dauns Trainer Migo Hilsmann nach dem Spiel.<\/p>\n<p>Mehling &#8211; L\u00fcders, Gerhardy-Salas (15\/1), Berditschewski, L\u00f6wen, Leitgen, Kutscheid, H\u00e4p (4), Fabritius, Blonigen (2), Hilsmann (4), Bureck<\/p>\n<p>Quelle: mosel-handball.de \/ Trierischer Volksfreund<\/p>\n<p>ngg_shortcode_0_placeholder<br \/>\nBilder von Rene Lazina!<\/p>\n<\/div>\n<\/div>\n<\/div><div class=\"sp-section-content sp-section-content-video\"><\/div><div class=\"sp-section-content sp-section-content-details\"><div class=\"sp-template sp-template-event-details\">\n\t<h4 class=\"sp-table-caption\">Details<\/h4>\n\t<div class=\"sp-table-wrapper\">\n\t\t<table class=\"sp-event-details sp-data-table\n\t\t\t\t\t sp-scrollable-table\">\n\t\t\t<thead>\n\t\t\t\t<tr>\n\t\t\t\t\t\t\t\t\t\t\t<th>Datum<\/th>\n\t\t\t\t\t\t\t\t\t\t\t\t<th>Zeit<\/th>\n\t\t\t\t\t\t\t\t\t\t\t\t<th>Liga<\/th>\n\t\t\t\t\t\t\t\t\t\t\t\t<th>Saison<\/th>\n\t\t\t\t\t\t\t\t\t\t<\/tr>\n\t\t\t<\/thead>\n\t\t\t<tbody>\n\t\t\t\t<tr class=\"odd\">\n\t\t\t\t\t\t\t\t\t\t\t<td>16. M\u00e4rz 2024<\/td>\n\t\t\t\t\t\t\t\t\t\t\t\t<td>12:15<\/td>\n\t\t\t\t\t\t\t\t\t\t\t\t<td>C-Jugend Pokalrunde<\/td>\n\t\t\t\t\t\t\t\t\t\t\t\t<td>Saison 2023\/24<\/td>\n\t\t\t\t\t\t\t\t\t\t<\/tr>\n\t\t\t<\/tbody>\n\t\t<\/table>\n\t<\/div>\n<\/div>\n<\/div><div class=\"sp-section-content sp-section-content-venue\">\t<div class=\"sp-template sp-template-event-venue\">\n\t\t<h4 class=\"sp-table-caption\">Austragungsort<\/h4>\n\t\t<table class=\"sp-data-table sp-event-venue\">\n\t\t\t<thead>\n\t\t\t\t<tr>\n\t\t\t\t\t<th><a href=\"https:\/\/www.dauner-handball.de\/?sp_venue=wehrbueschhalle-daun\">Wehrb\u00fcschhalle<\/a><\/th>\n\t\t\t\t<\/tr>\n\t\t\t<\/thead>\n\t\t\t\t\t<\/table>\n\t<\/div>\n\t<\/div><div class=\"sp-section-content sp-section-content-results\"><div class=\"sp-template sp-template-event-results\">\n\t<h4 class=\"sp-table-caption\">Ergebnisse<\/h4><div class=\"sp-table-wrapper\"><table class=\"sp-event-results sp-data-table sp-scrollable-table\"><thead><th class=\"data-name\">Mannschaft<\/th><th class=\"data-firsthalf\">Halbzeit<\/th><th class=\"data-goals\">Endergebnis<\/th><\/tr><\/thead><tbody><tr class=\"odd\"><td class=\"data-name\"><a href=\"https:\/\/www.dauner-handball.de\/?sp_team=mc-tus-05-daun\">mC TuS 05 Daun<\/a><\/td><td class=\"data-firsthalf\">12<\/td><td class=\"data-goals\">25<\/td><\/tr><tr class=\"even\"><td class=\"data-name\"><a href=\"https:\/\/www.dauner-handball.de\/?sp_team=hc-koblenz-2\">HC Koblenz II<\/a><\/td><td class=\"data-firsthalf\">9<\/td><td class=\"data-goals\">24<\/td><\/tr><\/tbody><\/table><\/div><\/div>\n<\/div><div class=\"sp-section-content sp-section-content-performance\">\t\t<div class=\"sp-event-performance-tables sp-event-performance-teams\">\n\t\t\t<div class=\"sp-template sp-template-event-performance sp-template-event-performance-values\t\t\t\t\t\t\t\t\t\t\t\t\t\t\t\t\t\t\t\t\t\t\t   \">\n\t\t\t<h4 class=\"sp-table-caption\">mC TuS 05 Daun<\/h4>\n\t\t<div class=\"sp-table-wrapper\">\n\t\t<table class=\"sp-event-performance sp-data-table\n\t\t\t\t\t\n\t\t\t\t\t\t sp-scrollable-table\n\t\t\t\t\t\t\t sp-sortable-table\">\n\t\t\t<thead>\n\t\t\t\t<tr>\n\t\t\t\t\t\t\t\t\t\t\t\t\t\t\t\t\t\t\t\t\t\t\t\t<th class=\"data-goals\">Tore<\/th>\n\t\t\t\t\t\t\t\t\t\t\t\t\t\t\t<\/tr>\n\t\t\t<\/thead>\n\t\t\t\t\t\t\t\t\t\t<tbody>\n\t\t\t\t\t\t\t\t\t\t\t<tr class=\"sp-total-row odd\">\n\t\t\t\t\t\t\t<td class=\"data-goals\" data-label=\"Tore\">25<\/td>\t\t\t\t\t\t<\/tr>\n\t\t\t\t\t\t\t\t\t<\/tbody>\n\t\t\t\t\t<\/table>\n\t\t\t<\/div>\n\t<\/div>\n<div class=\"sp-template sp-template-event-performance sp-template-event-performance-values\t\t\t\t\t\t\t\t\t\t\t\t\t\t\t\t\t\t\t\t\t\t\t   \">\n\t\t\t<h4 class=\"sp-table-caption\">HC Koblenz II<\/h4>\n\t\t<div class=\"sp-table-wrapper\">\n\t\t<table class=\"sp-event-performance sp-data-table\n\t\t\t\t\t\n\t\t\t\t\t\t sp-scrollable-table\n\t\t\t\t\t\t\t sp-sortable-table\">\n\t\t\t<thead>\n\t\t\t\t<tr>\n\t\t\t\t\t\t\t\t\t\t\t\t\t\t\t\t\t\t\t\t\t\t\t\t<th class=\"data-goals\">Tore<\/th>\n\t\t\t\t\t\t\t\t\t\t\t\t\t\t\t<\/tr>\n\t\t\t<\/thead>\n\t\t\t\t\t\t\t\t\t\t<tbody>\n\t\t\t\t\t\t\t\t\t\t\t<tr class=\"sp-total-row odd\">\n\t\t\t\t\t\t\t<td class=\"data-goals\" data-label=\"Tore\">24<\/td>\t\t\t\t\t\t<\/tr>\n\t\t\t\t\t\t\t\t\t<\/tbody>\n\t\t\t\t\t<\/table>\n\t\t\t<\/div>\n\t<\/div>\t\t<\/div><!-- .sp-event-performance-tables -->\n\t\t<\/div><div class=\"sp-section-content sp-section-content-past_meetings\"><\/div><div class=\"sp-section-content sp-section-content-timeline\"><\/div><div class=\"sp-tab-group\"><\/div><\/div><\/div>\n<\/div>\n<div dir=\"auto\">&nbsp;<\/div>\n<div dir=\"auto\">&nbsp;<\/div>\n","protected":false},"excerpt":{"rendered":"<p>&nbsp; &nbsp;<\/p>\n","protected":false},"author":1,"featured_media":30329,"comment_status":"closed","ping_status":"closed","sticky":false,"template":"","format":"image","meta":{"ngg_post_thumbnail":0,"footnotes":""},"categories":[184,211],"tags":[107,111,187],"class_list":["post-30328","post","type-post","status-publish","format-image","has-post-thumbnail","hentry","category-2023-24","category-mc-jugend-2023-24","tag-jugend","tag-mc-jugend","tag-saison-2023-24","post_format-post-format-image"],"_links":{"self":[{"href":"https:\/\/www.dauner-handball.de\/index.php?rest_route=\/wp\/v2\/posts\/30328","targetHints":{"allow":["GET"]}}],"collection":[{"href":"https:\/\/www.dauner-handball.de\/index.php?rest_route=\/wp\/v2\/posts"}],"about":[{"href":"https:\/\/www.dauner-handball.de\/index.php?rest_route=\/wp\/v2\/types\/post"}],"author":[{"embeddable":true,"href":"https:\/\/www.dauner-handball.de\/index.php?rest_route=\/wp\/v2\/users\/1"}],"replies":[{"embeddable":true,"href":"https:\/\/www.dauner-handball.de\/index.php?rest_route=%2Fwp%2Fv2%2Fcomments&post=30328"}],"version-history":[{"count":1,"href":"https:\/\/www.dauner-handball.de\/index.php?rest_route=\/wp\/v2\/posts\/30328\/revisions"}],"predecessor-version":[{"id":30330,"href":"https:\/\/www.dauner-handball.de\/index.php?rest_route=\/wp\/v2\/posts\/30328\/revisions\/30330"}],"wp:featuredmedia":[{"embeddable":true,"href":"https:\/\/www.dauner-handball.de\/index.php?rest_route=\/wp\/v2\/media\/30329"}],"wp:attachment":[{"href":"https:\/\/www.dauner-handball.de\/index.php?rest_route=%2Fwp%2Fv2%2Fmedia&parent=30328"}],"wp:term":[{"taxonomy":"category","embeddable":true,"href":"https:\/\/www.dauner-handball.de\/index.php?rest_route=%2Fwp%2Fv2%2Fcategories&post=30328"},{"taxonomy":"post_tag","embeddable":true,"href":"https:\/\/www.dauner-handball.de\/index.php?rest_route=%2Fwp%2Fv2%2Ftags&post=30328"}],"curies":[{"name":"wp","href":"https:\/\/api.w.org\/{rel}","templated":true}]}}