{"id":29998,"date":"2024-03-16T21:40:34","date_gmt":"2024-03-16T20:40:34","guid":{"rendered":"https:\/\/www.dauner-handball.de\/?p=29998"},"modified":"2024-03-17T11:24:20","modified_gmt":"2024-03-17T10:24:20","slug":"1m-ts-bendorf-tus-05-daun-2","status":"publish","type":"post","link":"https:\/\/www.dauner-handball.de\/?p=29998","title":{"rendered":"1M TS Bendorf &#8211; TuS 05 Daun"},"content":{"rendered":"<div class=\"sportspress\"><div class=\"sp-section-content sp-section-content-logos\"><div class=\"sp-template sp-template-event-logos sp-template-event-logos-inline\"><div class=\"sp-event-logos sp-event-logos-2\"><span class=\"sp-team-logo\"><a href=\"https:\/\/www.dauner-handball.de\/?sp_team=ts-bendorf\"><strong class=\"sp-team-name\">TS Bendorf<\/strong> <img decoding=\"async\" width=\"128\" height=\"128\" src=\"https:\/\/www.dauner-handball.de\/wp-content\/uploads\/2020\/05\/logo_bendorf-400x400.png\" class=\"attachment-sportspress-fit-icon size-sportspress-fit-icon wp-post-image\" alt=\"\" \/><\/a><\/span> - <span class=\"sp-team-logo\"><a href=\"https:\/\/www.dauner-handball.de\/?sp_team=tus-05-daun\"><img decoding=\"async\" width=\"124\" height=\"128\" src=\"https:\/\/www.dauner-handball.de\/wp-content\/uploads\/2020\/05\/tus-handballer-1-124x128.png\" class=\"attachment-sportspress-fit-icon size-sportspress-fit-icon wp-post-image\" alt=\"\" \/> <strong class=\"sp-team-name\">TuS 05 Daun<\/strong><\/a><\/span><\/div><\/div><\/div><div class=\"sp-section-content sp-section-content-excerpt\"><\/div><div class=\"sp-section-content sp-section-content-content\"><div class=\"group dark:text-white-solid park-container-small print:max-w-container-small \" data-cy=\"article-content\" data-article-content=\"\">\n<div class=\"my-6 desktop:my-8 desktop:[.floated_&amp;]:mt-0 desktop:[.floated_&amp;]:mb-10 \" data-cy=\"article-content-text\">\n<p class=\"text_ohne_einzug richtext text-em-55 !leading-serif mx-6 desktop:mx-0\">Tag der offenen T\u00fcren in Bendorf, doch am Ende hat der TuS nach einem offenen Schlagabtausch die Nase vorne. So richtig verschlafen hatten die Dauner den Auftakt in Bendorf und so f\u00fchrten die Gastgeber \u00fcber 3:1 (4). bis 7:6 (13.) ehe die Eifelaner mit drei Toren in Folge endlich im Spiel waren und \u00fcber 7:9 (15.) jetzt das Spiel kontrollierten und \u00fcber 9:13 (21.) auf dem guten Wege waren, das Spiel erfolgreich \u00fcber die Zeit zu bringen. Zur Pause lag das Team von Trainer Thorsten Ringer verdient mit 12:17 in F\u00fchrung.<\/p>\n<\/div>\n<\/div>\n<div class=\"group dark:text-white-solid park-container-small print:max-w-container-small \" data-cy=\"article-content\" data-article-content=\"\">\n<div class=\"my-6 desktop:my-8 desktop:[.floated_&amp;]:mt-0 desktop:[.floated_&amp;]:mb-10 \" data-cy=\"article-content-text\">\n<p class=\"richtext text-em-55 !leading-serif mx-6 desktop:mx-0\">Diese f\u00fcnf Tore F\u00fchrung verteidigten die G\u00e4ste \u00fcber 14:19 (34.) und setzten sich auf 19:25 (37.) ab, zwangen so die Turnerschaft zur Auszeit! Bis zum 24:30 (51.) blieb es bei der sechs Tore F\u00fchrung, doch dann machten Bassi Praeder und Jannis Willems beim 24:32 (53.) den Deckel fr\u00fchzeitig drauf und Daun verwaltete die F\u00fchrung bis zum Abpfiff.<\/p>\n<\/div>\n<\/div>\n<div class=\"group dark:text-white-solid park-container-small print:max-w-container-small \" data-cy=\"article-content\" data-article-content=\"\">\n<div class=\"my-6 desktop:my-8 desktop:[.floated_&amp;]:mt-0 desktop:[.floated_&amp;]:mb-10 \" data-cy=\"article-content-text\">\n<p class=\"richtext text-em-55 !leading-serif mx-6 desktop:mx-0\">\u201eDie Voraussetzungen f\u00fcr uns waren nicht gut, da Luca Willems aufgrund einer Schulterverletzung ausfiel und wir sehen m\u00fcssen, ob er bis zum Final-Four wieder fit ist. So mussten wir aufgrund der Tatsache, dass die zweite Mannschaft heute parallel spielte, mit einem kleinen Kader antreten und ich hatte vor der Hektik in diesem Spiel gewarnt. Bis zum 4:4 haben wir unsere Aufgaben auch nicht gut gel\u00f6st, viele Fahrkarten geschossen, doch dann spielte uns die Auszeit der Gastgeber in die Karten. Mit der Umstellung der Abwehr auf 6:0 bekamen wir das Kreisl\u00e4uferspiel der Gastgeber jetzt besser in den Griff, doch dann verletzte sich Mathis Otto kurz vor der Pause am Sprunggelenk und konnte nicht mehr eingesetzt werden. Nach dem Wechsel hat die Mannschaft ihre Aufgaben dann sehr gut gel\u00f6st, hat die richtige Reaktion auf das Koblenz Spiel gezeigt und jeder hat erst einmal vor seiner Haust\u00fcr gekehrt. \u201eMo\u201c hat uns einige wichtige B\u00e4lle abgewehrt und Igor Rahn erwischte heute einen richtig guten Tag in Angriff und Abwehr, hatte keinen Fehlwurf und \u00fcberzeugte auf der rechten Aussenbahn. Aus meiner Sicht kam wenig Gegenwehr aus Bendorf, doch das kann unsere Leistung nicht schm\u00e4lern\u201c, res\u00fcmierte Ringer.<\/p>\n<p>Quelle: mosel-handball.de \/ Trierischer Volksfreund<\/p>\n<\/div>\n<\/div>\n<\/div><div class=\"sp-section-content sp-section-content-video\"><\/div><div class=\"sp-section-content sp-section-content-details\"><div class=\"sp-template sp-template-event-details\">\n\t<h4 class=\"sp-table-caption\">Details<\/h4>\n\t<div class=\"sp-table-wrapper\">\n\t\t<table class=\"sp-event-details sp-data-table\n\t\t\t\t\t sp-scrollable-table\">\n\t\t\t<thead>\n\t\t\t\t<tr>\n\t\t\t\t\t\t\t\t\t\t\t<th>Datum<\/th>\n\t\t\t\t\t\t\t\t\t\t\t\t<th>Zeit<\/th>\n\t\t\t\t\t\t\t\t\t\t\t\t<th>Liga<\/th>\n\t\t\t\t\t\t\t\t\t\t\t\t<th>Saison<\/th>\n\t\t\t\t\t\t\t\t\t\t<\/tr>\n\t\t\t<\/thead>\n\t\t\t<tbody>\n\t\t\t\t<tr class=\"odd\">\n\t\t\t\t\t\t\t\t\t\t\t<td>16. M\u00e4rz 2024<\/td>\n\t\t\t\t\t\t\t\t\t\t\t\t<td>19:00<\/td>\n\t\t\t\t\t\t\t\t\t\t\t\t<td>Rheinlandliga Herren<\/td>\n\t\t\t\t\t\t\t\t\t\t\t\t<td>Saison 2023\/24<\/td>\n\t\t\t\t\t\t\t\t\t\t<\/tr>\n\t\t\t<\/tbody>\n\t\t<\/table>\n\t<\/div>\n<\/div>\n<\/div><div class=\"sp-section-content sp-section-content-venue\">\t<div class=\"sp-template sp-template-event-venue\">\n\t\t<h4 class=\"sp-table-caption\">Austragungsort<\/h4>\n\t\t<table class=\"sp-data-table sp-event-venue\">\n\t\t\t<thead>\n\t\t\t\t<tr>\n\t\t\t\t\t<th><a href=\"https:\/\/www.dauner-handball.de\/?sp_venue=bendorf\">Bendorf<\/a><\/th>\n\t\t\t\t<\/tr>\n\t\t\t<\/thead>\n\t\t\t\t\t<\/table>\n\t<\/div>\n\t<\/div><div class=\"sp-section-content sp-section-content-results\"><div class=\"sp-template sp-template-event-results\">\n\t<h4 class=\"sp-table-caption\">Ergebnisse<\/h4><div class=\"sp-table-wrapper\"><table class=\"sp-event-results sp-data-table sp-scrollable-table\"><thead><th class=\"data-name\">Mannschaft<\/th><th class=\"data-firsthalf\">Halbzeit<\/th><th class=\"data-goals\">Endergebnis<\/th><\/tr><\/thead><tbody><tr class=\"odd\"><td class=\"data-name\"><a href=\"https:\/\/www.dauner-handball.de\/?sp_team=ts-bendorf\">TS Bendorf<\/a><\/td><td class=\"data-firsthalf\">12<\/td><td class=\"data-goals\">31<\/td><\/tr><tr class=\"even\"><td class=\"data-name\"><a href=\"https:\/\/www.dauner-handball.de\/?sp_team=tus-05-daun\">TuS 05 Daun<\/a><\/td><td class=\"data-firsthalf\">17<\/td><td class=\"data-goals\">37<\/td><\/tr><\/tbody><\/table><\/div><\/div>\n<\/div><div class=\"sp-section-content sp-section-content-performance\">\t\t<div class=\"sp-event-performance-tables sp-event-performance-teams\">\n\t\t\t<div class=\"sp-template sp-template-event-performance sp-template-event-performance-values\t\t\t\t\t\t\t\t\t\t\t\t\t\t\t\t\t\t\t\t\t\t\t   \">\n\t\t\t<h4 class=\"sp-table-caption\">TS Bendorf<\/h4>\n\t\t<div class=\"sp-table-wrapper\">\n\t\t<table class=\"sp-event-performance sp-data-table\n\t\t\t\t\t\n\t\t\t\t\t\t sp-scrollable-table\n\t\t\t\t\t\t\t sp-sortable-table\">\n\t\t\t<thead>\n\t\t\t\t<tr>\n\t\t\t\t\t\t\t\t\t\t\t\t\t\t\t\t\t\t\t\t\t\t\t\t<th class=\"data-goals\">Tore<\/th>\n\t\t\t\t\t\t\t\t\t\t\t\t\t\t\t<\/tr>\n\t\t\t<\/thead>\n\t\t\t\t\t\t\t\t\t\t<tbody>\n\t\t\t\t\t\t\t\t\t\t\t<tr class=\"sp-total-row odd\">\n\t\t\t\t\t\t\t<td class=\"data-goals\" data-label=\"Tore\">31<\/td>\t\t\t\t\t\t<\/tr>\n\t\t\t\t\t\t\t\t\t<\/tbody>\n\t\t\t\t\t<\/table>\n\t\t\t<\/div>\n\t<\/div>\n<div class=\"sp-template sp-template-event-performance sp-template-event-performance-values\t\t\t\t\t\t\t\t\t\t\t\t\t\t\t\t\t\t\t\t\t\t\t   \">\n\t\t\t<h4 class=\"sp-table-caption\">TuS 05 Daun<\/h4>\n\t\t<div class=\"sp-table-wrapper\">\n\t\t<table class=\"sp-event-performance sp-data-table\n\t\t\t\t\t\n\t\t\t\t\t\t sp-scrollable-table\n\t\t\t\t\t\t\t sp-sortable-table\">\n\t\t\t<thead>\n\t\t\t\t<tr>\n\t\t\t\t\t\t\t\t\t\t\t\t\t\t\t\t\t\t\t\t\t\t\t\t\t\t<th class=\"data-number\">#<\/th>\n\t\t\t\t\t\t\t\t\t\t\t\t\t\t<th class=\"data-name\">\n\t\t\t\t\t\t\t\t\t\t\t\t\t\t\t\t\tSpieler\t\t\t\t\t\t\t\t\t\t\t\t\t\t\t<\/th>\n\t\t\t\t\t\t\t\t\t\t\t\t\t\t\t\t\t\t\t<th class=\"data-goals\">Tore<\/th>\n\t\t\t\t\t\t\t\t\t\t\t\t\t\t\t<\/tr>\n\t\t\t<\/thead>\n\t\t\t\t\t\t\t<tbody>\n\t\t\t\t\t<tr class=\"lineup odd\"><td class=\"data-number\" data-label=\"#\">4<\/td><td class=\"data-name\" data-label=\"Spieler\"><a href=\"https:\/\/www.dauner-handball.de\/?sp_player=dominik-reimer\">Dominik Reimer<\/a><\/td><td class=\"data-goals\" data-label=\"Tore\">3<\/td><\/tr><tr class=\"lineup even\"><td class=\"data-number\" data-label=\"#\">8<\/td><td class=\"data-name\" data-label=\"Spieler\"><a href=\"https:\/\/www.dauner-handball.de\/?sp_player=matthis-otto\">Matthis Otto<\/a><\/td><td class=\"data-goals\" data-label=\"Tore\">3<\/td><\/tr><tr class=\"lineup odd\"><td class=\"data-number\" data-label=\"#\">11<\/td><td class=\"data-name\" data-label=\"Spieler\"><a href=\"https:\/\/www.dauner-handball.de\/?sp_player=jannis-willems\">Jannis Willems<\/a><\/td><td class=\"data-goals\" data-label=\"Tore\">9<\/td><\/tr><tr class=\"lineup even\"><td class=\"data-number\" data-label=\"#\">12<\/td><td class=\"data-name\" data-label=\"Spieler\"><a href=\"https:\/\/www.dauner-handball.de\/?sp_player=marc-mayer\">Marc Mayer<\/a><\/td><td class=\"data-goals\" data-label=\"Tore\">0<\/td><\/tr><tr class=\"lineup odd\"><td class=\"data-number\" data-label=\"#\">14<\/td><td class=\"data-name\" data-label=\"Spieler\"><a href=\"https:\/\/www.dauner-handball.de\/?sp_player=patrick-bruemmer\">Patrick Br\u00fcmmer<\/a><\/td><td class=\"data-goals\" data-label=\"Tore\">4<\/td><\/tr><tr class=\"lineup even\"><td class=\"data-number\" data-label=\"#\">21<\/td><td class=\"data-name\" data-label=\"Spieler\"><a href=\"https:\/\/www.dauner-handball.de\/?sp_player=mohammed-basibueyuek\">Muhammed Basib\u00fcy\u00fck<\/a><\/td><td class=\"data-goals\" data-label=\"Tore\">0<\/td><\/tr><tr class=\"lineup odd\"><td class=\"data-number\" data-label=\"#\">22<\/td><td class=\"data-name\" data-label=\"Spieler\"><a href=\"https:\/\/www.dauner-handball.de\/?sp_player=sebastian-praeder\">Sebastian Praeder<\/a><\/td><td class=\"data-goals\" data-label=\"Tore\">5<\/td><\/tr><tr class=\"lineup even\"><td class=\"data-number\" data-label=\"#\">25<\/td><td class=\"data-name\" data-label=\"Spieler\"><a href=\"https:\/\/www.dauner-handball.de\/?sp_player=timo-loew\">Timo L\u00f6w<\/a><\/td><td class=\"data-goals\" data-label=\"Tore\">4<\/td><\/tr><tr class=\"lineup odd\"><td class=\"data-number\" data-label=\"#\">31<\/td><td class=\"data-name\" data-label=\"Spieler\"><a href=\"https:\/\/www.dauner-handball.de\/?sp_player=lukas-mayer\">Lukas Mayer<\/a><\/td><td class=\"data-goals\" data-label=\"Tore\">3<\/td><\/tr><tr class=\"lineup even\"><td class=\"data-number\" data-label=\"#\">50<\/td><td class=\"data-name\" data-label=\"Spieler\"><a href=\"https:\/\/www.dauner-handball.de\/?sp_player=ruslan-podriezov\">Ruslan Podriezov<\/a><\/td><td class=\"data-goals\" data-label=\"Tore\">1<\/td><\/tr><tr class=\"lineup odd\"><td class=\"data-number\" data-label=\"#\">69<\/td><td class=\"data-name\" data-label=\"Spieler\"><a href=\"https:\/\/www.dauner-handball.de\/?sp_player=igor-rahn\">Igor Rahn<\/a><\/td><td class=\"data-goals\" data-label=\"Tore\">5<\/td><\/tr>\t\t\t\t<\/tbody>\n\t\t\t\t\t\t\t\t\t\t<tfoot>\n\t\t\t\t\t\t\t\t\t\t\t<tr class=\"sp-total-row even\">\n\t\t\t\t\t\t\t<td class=\"data-number\" data-label=\"&nbsp;\">&nbsp;<\/td><td class=\"data-name\" data-label=\"&nbsp;\">Gesamt<\/td><td class=\"data-goals\" data-label=\"Tore\">37<\/td>\t\t\t\t\t\t<\/tr>\n\t\t\t\t\t\t\t\t\t<\/tfoot>\n\t\t\t\t\t<\/table>\n\t\t<div class=\"sp-template sp-template-event-staff\">\n\t<p class=\"sp-event-staff\">\n\tTrainer: <a href=\"https:\/\/www.dauner-handball.de\/?sp_staff=torsten-ringer\">Thorsten Ringer<\/a><br>\t<\/p>\n<\/div>\n\t<\/div>\n\t<\/div>\t\t<\/div><!-- .sp-event-performance-tables -->\n\t\t<\/div><div class=\"sp-section-content sp-section-content-past_meetings\"><\/div><div class=\"sp-section-content sp-section-content-timeline\"><\/div><div class=\"sp-tab-group\"><ul class=\"sp-tab-menu\"><li class=\"sp-tab-menu-item sp-tab-menu-item-active\"><a href=\"#sp-tab-content-officials\" data-sp-tab=\"officials\">Officials<\/a><\/li><\/ul><div class=\"sp-tab-content sp-tab-content-officials\" id=\"sp-tab-content-officials\" style=\"display: block\"><div class=\"sp-template sp-template-event-officials\">\n\t<h4 class=\"sp-table-caption\">Officials<\/h4>\n\t<div class=\"sp-table-wrapper\">\n\t\t<table class=\"sp-event-officials sp-data-table sp-scrollable-table\">\n\t\t\t<thead>\n\t\t\t\t<tr>\n\t\t\t\t\t<th class=\"data-name\">Sekret\u00e4r<\/th><th class=\"data-name\">Schiedsrichter<\/th><th class=\"data-name\">Zeitnehmer<\/th>\t\t\t\t<\/tr>\n\t\t\t<\/thead>\n\t\t\t<tbody>\n\t\t\t\t<tr>\n\t\t\t\t\t<td class=\"data-name\">Christian Schirmer<\/td><td class=\"data-name\">Harald Schneider<br>Michael Sauerwein<\/td><td class=\"data-name\">Rudolf Pretz<\/td>\t\t\t\t<\/tr>\n\t\t\t<\/tbody>\n\t\t<\/table>\n\t<\/div>\n<\/div><\/div><\/div><\/div>\n","protected":false},"excerpt":{"rendered":"","protected":false},"author":1,"featured_media":30010,"comment_status":"closed","ping_status":"closed","sticky":false,"template":"","format":"image","meta":{"ngg_post_thumbnail":0,"footnotes":""},"categories":[21,184,185],"tags":[28,103,187],"class_list":["post-29998","post","type-post","status-publish","format-image","has-post-thumbnail","hentry","category-1herren","category-2023-24","category-saison-2023-24","tag-1-herren","tag-rheinland-liga","tag-saison-2023-24","post_format-post-format-image"],"_links":{"self":[{"href":"https:\/\/www.dauner-handball.de\/index.php?rest_route=\/wp\/v2\/posts\/29998","targetHints":{"allow":["GET"]}}],"collection":[{"href":"https:\/\/www.dauner-handball.de\/index.php?rest_route=\/wp\/v2\/posts"}],"about":[{"href":"https:\/\/www.dauner-handball.de\/index.php?rest_route=\/wp\/v2\/types\/post"}],"author":[{"embeddable":true,"href":"https:\/\/www.dauner-handball.de\/index.php?rest_route=\/wp\/v2\/users\/1"}],"replies":[{"embeddable":true,"href":"https:\/\/www.dauner-handball.de\/index.php?rest_route=%2Fwp%2Fv2%2Fcomments&post=29998"}],"version-history":[{"count":3,"href":"https:\/\/www.dauner-handball.de\/index.php?rest_route=\/wp\/v2\/posts\/29998\/revisions"}],"predecessor-version":[{"id":30011,"href":"https:\/\/www.dauner-handball.de\/index.php?rest_route=\/wp\/v2\/posts\/29998\/revisions\/30011"}],"wp:featuredmedia":[{"embeddable":true,"href":"https:\/\/www.dauner-handball.de\/index.php?rest_route=\/wp\/v2\/media\/30010"}],"wp:attachment":[{"href":"https:\/\/www.dauner-handball.de\/index.php?rest_route=%2Fwp%2Fv2%2Fmedia&parent=29998"}],"wp:term":[{"taxonomy":"category","embeddable":true,"href":"https:\/\/www.dauner-handball.de\/index.php?rest_route=%2Fwp%2Fv2%2Fcategories&post=29998"},{"taxonomy":"post_tag","embeddable":true,"href":"https:\/\/www.dauner-handball.de\/index.php?rest_route=%2Fwp%2Fv2%2Ftags&post=29998"}],"curies":[{"name":"wp","href":"https:\/\/api.w.org\/{rel}","templated":true}]}}