{"id":29120,"date":"2024-02-25T15:40:41","date_gmt":"2024-02-25T14:40:41","guid":{"rendered":"https:\/\/www.dauner-handball.de\/?p=29120"},"modified":"2024-02-26T07:41:37","modified_gmt":"2024-02-26T06:41:37","slug":"me-jugend-sk-pruem-tus-05-daun","status":"publish","type":"post","link":"https:\/\/www.dauner-handball.de\/?p=29120","title":{"rendered":"mE-Jugend SK Pr\u00fcm &#8211; TuS 05 Daun"},"content":{"rendered":"<div class=\"sportspress\"><div class=\"sp-section-content sp-section-content-logos\"><div class=\"sp-template sp-template-event-logos sp-template-event-logos-inline\"><div class=\"sp-event-logos sp-event-logos-2\"><span class=\"sp-team-logo\"><a href=\"https:\/\/www.dauner-handball.de\/?sp_team=sk-pruem\"><strong class=\"sp-team-name\">SK Pr\u00fcm<\/strong> <img decoding=\"async\" width=\"128\" height=\"128\" src=\"https:\/\/www.dauner-handball.de\/wp-content\/uploads\/2021\/08\/skpruem-128x128.jpeg\" class=\"attachment-sportspress-fit-icon size-sportspress-fit-icon wp-post-image\" alt=\"\" \/><\/a><\/span> - <span class=\"sp-team-logo\"><a href=\"https:\/\/www.dauner-handball.de\/?sp_team=mb-jugend-2-2-3\"><img decoding=\"async\" width=\"128\" height=\"128\" src=\"https:\/\/www.dauner-handball.de\/wp-content\/uploads\/2020\/09\/cropped-tus_handballer_webicon-128x128.png\" class=\"attachment-sportspress-fit-icon size-sportspress-fit-icon wp-post-image\" alt=\"\" \/> <strong class=\"sp-team-name\">mE TuS 05 Daun<\/strong><\/a><\/span><\/div><\/div><\/div><div class=\"sp-section-content sp-section-content-excerpt\"><\/div><div class=\"sp-section-content sp-section-content-content\"><p><strong>mE-Jugend gewinnt zehntes Spiel in Folge<\/strong><\/p>\n<p>Am Sonntagvormittag musste unsere E-Jugend beim SK Pr\u00fcm antreten. Nach dem Aufw\u00e4rmen und dem Einschw\u00f6ren in der Kabine vor dem Spiel ging es p\u00fcnktlich um 11:30 Uhr, unter der souver\u00e4nen Leitung des Schiedsrichters Jan Ziwes, los.<\/p>\n<p>In den ersten Minuten war es ein Spiel der Torh\u00fcter, die in dieser fr\u00fchen Phase des Spiels auf beiden Seiten starke Paraden zeigten.<br \/>\nUnser Angriff war noch nicht durchschlagskr\u00e4ftig genug und die Abwehr noch zu unsortiert.<br \/>\nIn der 8. Minute hatte sich das Team dann gefangen und sich perfekt auf die gegnerische Mannschaft eingestellt.<br \/>\nSo folgten innerhalb einer Minute 3 Tore zur 6:1 F\u00fchrung, doch auch dem SK Pr\u00fcm gelang es wieder sich etwas besser auf unseren Angriff einzustellen. So waren es Noah und Konrad die mit ihren Toren zur 9:1 F\u00fchrung in der 15. Minute die Trainerin der Gastgeber zur Auszeit zwangen.<\/p>\n<p>Wie bereits in der Vorwoche haben unsere Jungs das Kapital aus der Auszeit geschlagen und bauten die F\u00fchrung zur Halbzeit auf 15:2 aus.<br \/>\nWie im letzten Spiel lag f\u00fcr die zweite H\u00e4lfte der Fokus wieder auf dem schnellen Spiel.<br \/>\nNoah und Jonas besetzten diesmal zu Anfang die \u201eAutobahnen\u201c auf Au\u00dfen und Teo verteilte klug die B\u00e4lle wovon Fabi, unser Goalgetter, und auch Philipp immer wieder profitieren konnten. &nbsp;<br \/>\nPermanent gelang es den Jungs durch eine konsequente Abwehrarbeit zu schnellen Gegensto\u00dftoren zu kommen. Gerade Felix, einer unserer J\u00fcngsten, konnte in der Abwehr mit Fynn und Victor den Spielern des SK Pr\u00fcm immer wieder die B\u00e4lle stibitzen.<br \/>\nSo war das Spiel beim Stand von 21:3 in der 25. Minute mehr als nur entschieden.<br \/>\nInfolgedessen lie\u00df die Konzentration etwas nach und es fehlte die letzte Konsequenz in Angriff und Abwehr und man kam \u201enur\u201c noch zu 9 weiteren Toren, lie\u00df aber auch nur 2 weitere Gegentore zu, was nicht zuletzt an unserem starken Torh\u00fcter Chrissi lag.<br \/>\nGut ger\u00fcstet und frohen Mutes gehen die Jungs nun am kommenden Sonntag in der heimischen Wehrb\u00fcschhalle um 13:00 Uhr in das Topspiel gegen den Tabellenzweiten DJK St. Matthias Trier<\/p>\n<p>F\u00fcr den TuS spielten: D\u00f6rr &#8211; Roden, Poss, Matz, Kustarnikow, Daniels, Werbinsky, Hoffmann, Bohar, Steffes<\/p>\n<p>Quelle: Christian Werbinsky<\/p>\n<p>ngg_shortcode_0_placeholderBilder: Christian Werbinsky<\/p>\n<\/div><div class=\"sp-section-content sp-section-content-video\"><\/div><div class=\"sp-section-content sp-section-content-details\"><div class=\"sp-template sp-template-event-details\">\n\t<h4 class=\"sp-table-caption\">Details<\/h4>\n\t<div class=\"sp-table-wrapper\">\n\t\t<table class=\"sp-event-details sp-data-table\n\t\t\t\t\t sp-scrollable-table\">\n\t\t\t<thead>\n\t\t\t\t<tr>\n\t\t\t\t\t\t\t\t\t\t\t<th>Datum<\/th>\n\t\t\t\t\t\t\t\t\t\t\t\t<th>Zeit<\/th>\n\t\t\t\t\t\t\t\t\t\t\t\t<th>Liga<\/th>\n\t\t\t\t\t\t\t\t\t\t\t\t<th>Saison<\/th>\n\t\t\t\t\t\t\t\t\t\t<\/tr>\n\t\t\t<\/thead>\n\t\t\t<tbody>\n\t\t\t\t<tr class=\"odd\">\n\t\t\t\t\t\t\t\t\t\t\t<td>25. Februar 2024<\/td>\n\t\t\t\t\t\t\t\t\t\t\t\t<td>11:30<\/td>\n\t\t\t\t\t\t\t\t\t\t\t\t<td>Bezirksliga mE-Jugend<\/td>\n\t\t\t\t\t\t\t\t\t\t\t\t<td>Saison 2023\/24<\/td>\n\t\t\t\t\t\t\t\t\t\t<\/tr>\n\t\t\t<\/tbody>\n\t\t<\/table>\n\t<\/div>\n<\/div>\n<\/div><div class=\"sp-section-content sp-section-content-venue\"><\/div><div class=\"sp-section-content sp-section-content-results\"><div class=\"sp-template sp-template-event-results\">\n\t<h4 class=\"sp-table-caption\">Ergebnisse<\/h4><div class=\"sp-table-wrapper\"><table class=\"sp-event-results sp-data-table sp-scrollable-table\"><thead><th class=\"data-name\">Mannschaft<\/th><th class=\"data-firsthalf\">Halbzeit<\/th><th class=\"data-goals\">Endergebnis<\/th><\/tr><\/thead><tbody><tr class=\"odd\"><td class=\"data-name\"><a href=\"https:\/\/www.dauner-handball.de\/?sp_team=sk-pruem\">SK Pr\u00fcm<\/a><\/td><td class=\"data-firsthalf\">2<\/td><td class=\"data-goals\">5<\/td><\/tr><tr class=\"even\"><td class=\"data-name\"><a href=\"https:\/\/www.dauner-handball.de\/?sp_team=mb-jugend-2-2-3\">mE TuS 05 Daun<\/a><\/td><td class=\"data-firsthalf\">15<\/td><td class=\"data-goals\">30<\/td><\/tr><\/tbody><\/table><\/div><\/div>\n<\/div><div class=\"sp-section-content sp-section-content-performance\">\t\t<div class=\"sp-event-performance-tables sp-event-performance-teams\">\n\t\t\t<div class=\"sp-template sp-template-event-performance sp-template-event-performance-values\t\t\t\t\t\t\t\t\t\t\t\t\t\t\t\t\t\t\t\t\t\t\t   \">\n\t\t\t<h4 class=\"sp-table-caption\">SK Pr\u00fcm<\/h4>\n\t\t<div class=\"sp-table-wrapper\">\n\t\t<table class=\"sp-event-performance sp-data-table\n\t\t\t\t\t\n\t\t\t\t\t\t sp-scrollable-table\n\t\t\t\t\t\t\t sp-sortable-table\">\n\t\t\t<thead>\n\t\t\t\t<tr>\n\t\t\t\t\t\t\t\t\t\t\t\t\t\t\t\t\t\t\t\t\t\t\t\t<th class=\"data-goals\">Tore<\/th>\n\t\t\t\t\t\t\t\t\t\t\t\t\t\t\t<\/tr>\n\t\t\t<\/thead>\n\t\t\t\t\t\t\t\t\t\t<tbody>\n\t\t\t\t\t\t\t\t\t\t\t<tr class=\"sp-total-row odd\">\n\t\t\t\t\t\t\t<td class=\"data-goals\" data-label=\"Tore\">5<\/td>\t\t\t\t\t\t<\/tr>\n\t\t\t\t\t\t\t\t\t<\/tbody>\n\t\t\t\t\t<\/table>\n\t\t\t<\/div>\n\t<\/div>\n<div class=\"sp-template sp-template-event-performance sp-template-event-performance-values\t\t\t\t\t\t\t\t\t\t\t\t\t\t\t\t\t\t\t\t\t\t\t   \">\n\t\t\t<h4 class=\"sp-table-caption\">mE TuS 05 Daun<\/h4>\n\t\t<div class=\"sp-table-wrapper\">\n\t\t<table class=\"sp-event-performance sp-data-table\n\t\t\t\t\t\n\t\t\t\t\t\t sp-scrollable-table\n\t\t\t\t\t\t\t sp-sortable-table\">\n\t\t\t<thead>\n\t\t\t\t<tr>\n\t\t\t\t\t\t\t\t\t\t\t\t\t\t\t\t\t\t\t\t\t\t\t\t<th class=\"data-goals\">Tore<\/th>\n\t\t\t\t\t\t\t\t\t\t\t\t\t\t\t<\/tr>\n\t\t\t<\/thead>\n\t\t\t\t\t\t\t\t\t\t<tbody>\n\t\t\t\t\t\t\t\t\t\t\t<tr class=\"sp-total-row odd\">\n\t\t\t\t\t\t\t<td class=\"data-goals\" data-label=\"Tore\">30<\/td>\t\t\t\t\t\t<\/tr>\n\t\t\t\t\t\t\t\t\t<\/tbody>\n\t\t\t\t\t<\/table>\n\t\t\t<\/div>\n\t<\/div>\t\t<\/div><!-- .sp-event-performance-tables -->\n\t\t<\/div><div class=\"sp-section-content sp-section-content-past_meetings\"><\/div><div class=\"sp-section-content sp-section-content-timeline\"><\/div><div class=\"sp-tab-group\"><\/div><\/div>\n","protected":false},"excerpt":{"rendered":"","protected":false},"author":1,"featured_media":29122,"comment_status":"closed","ping_status":"closed","sticky":false,"template":"","format":"image","meta":{"ngg_post_thumbnail":0,"footnotes":""},"categories":[184,217],"tags":[107,113,187],"class_list":["post-29120","post","type-post","status-publish","format-image","has-post-thumbnail","hentry","category-2023-24","category-md-jugend-2023-24","tag-jugend","tag-md-jugend","tag-saison-2023-24","post_format-post-format-image"],"_links":{"self":[{"href":"https:\/\/www.dauner-handball.de\/index.php?rest_route=\/wp\/v2\/posts\/29120","targetHints":{"allow":["GET"]}}],"collection":[{"href":"https:\/\/www.dauner-handball.de\/index.php?rest_route=\/wp\/v2\/posts"}],"about":[{"href":"https:\/\/www.dauner-handball.de\/index.php?rest_route=\/wp\/v2\/types\/post"}],"author":[{"embeddable":true,"href":"https:\/\/www.dauner-handball.de\/index.php?rest_route=\/wp\/v2\/users\/1"}],"replies":[{"embeddable":true,"href":"https:\/\/www.dauner-handball.de\/index.php?rest_route=%2Fwp%2Fv2%2Fcomments&post=29120"}],"version-history":[{"count":2,"href":"https:\/\/www.dauner-handball.de\/index.php?rest_route=\/wp\/v2\/posts\/29120\/revisions"}],"predecessor-version":[{"id":29123,"href":"https:\/\/www.dauner-handball.de\/index.php?rest_route=\/wp\/v2\/posts\/29120\/revisions\/29123"}],"wp:featuredmedia":[{"embeddable":true,"href":"https:\/\/www.dauner-handball.de\/index.php?rest_route=\/wp\/v2\/media\/29122"}],"wp:attachment":[{"href":"https:\/\/www.dauner-handball.de\/index.php?rest_route=%2Fwp%2Fv2%2Fmedia&parent=29120"}],"wp:term":[{"taxonomy":"category","embeddable":true,"href":"https:\/\/www.dauner-handball.de\/index.php?rest_route=%2Fwp%2Fv2%2Fcategories&post=29120"},{"taxonomy":"post_tag","embeddable":true,"href":"https:\/\/www.dauner-handball.de\/index.php?rest_route=%2Fwp%2Fv2%2Ftags&post=29120"}],"curies":[{"name":"wp","href":"https:\/\/api.w.org\/{rel}","templated":true}]}}