{"id":27247,"date":"2023-12-16T16:52:31","date_gmt":"2023-12-16T15:52:31","guid":{"rendered":"https:\/\/www.dauner-handball.de\/?p=27247"},"modified":"2023-12-18T17:53:25","modified_gmt":"2023-12-18T16:53:25","slug":"mc-jugend-tv-bitburg-tus-05-daun","status":"publish","type":"post","link":"https:\/\/www.dauner-handball.de\/?p=27247","title":{"rendered":"mC-Jugend TV Bitburg &#8211; TuS 05 Daun"},"content":{"rendered":"<div class=\"m8h3af8h l7ghb35v kjdc1dyq kmwttqpk gh25dzvf n3t5jt4f\">\n<div dir=\"auto\"><div class=\"sportspress\"><div class=\"sp-section-content sp-section-content-logos\"><div class=\"sp-template sp-template-event-logos sp-template-event-logos-inline\"><div class=\"sp-event-logos sp-event-logos-2\"><span class=\"sp-team-logo\"><a href=\"https:\/\/www.dauner-handball.de\/?sp_team=tv-bitburg\"><strong class=\"sp-team-name\">TV Bitburg<\/strong> <img decoding=\"async\" width=\"128\" height=\"128\" src=\"https:\/\/www.dauner-handball.de\/wp-content\/uploads\/2020\/05\/handball_bitburg.png\" class=\"attachment-sportspress-fit-icon size-sportspress-fit-icon wp-post-image\" alt=\"\" \/><\/a><\/span> - <span class=\"sp-team-logo\"><a href=\"https:\/\/www.dauner-handball.de\/?sp_team=mc-tus-05-daun\"><img decoding=\"async\" width=\"128\" height=\"128\" src=\"https:\/\/www.dauner-handball.de\/wp-content\/uploads\/2020\/09\/tus_handballer_webicon-128x128.png\" class=\"attachment-sportspress-fit-icon size-sportspress-fit-icon wp-post-image\" alt=\"\" \/> <strong class=\"sp-team-name\">mC TuS 05 Daun<\/strong><\/a><\/span><\/div><\/div><\/div><div class=\"sp-section-content sp-section-content-excerpt\"><\/div><div class=\"sp-section-content sp-section-content-content\"><div class=\"group dark:text-white-solid park-container-small print:max-w-container-small \" data-cy=\"article-content\" data-article-content=\"\">\n<div class=\"my-6 desktop:my-8 desktop:[.floated_&amp;]:mt-0 desktop:[.floated_&amp;]:mb-10 \" data-cy=\"article-content-text\">\n<p class=\"text_ohne_einzug richtext text-em-55 !leading-serif mx-6 desktop:mx-0\">\u201eUnter der gewohnt guten Leistung von Schiedsrichterin Alexandra Kr\u00e4mer kann der TV Bitburg das Eifelderby gegen den TuS Daun am Ende deutlich mit 34:18 (16:10) f\u00fcr sich entscheiden. Schon vorher stand fest, dass sich die Jungs von Bitburgs-Coach Siggi Niesen f\u00fcr die im Februar beginnende Meisterschaftsrunde qualifizieren konnten. Der TuS Daun wird mit 6:4 Punkten in der Pokalrunde an den Start gehen k\u00f6nnen.<\/p>\n<\/div>\n<\/div>\n<div class=\"group dark:text-white-solid park-container-small print:max-w-container-small \" data-cy=\"article-content\" data-article-content=\"\">\n<div class=\"my-6 desktop:my-8 desktop:[.floated_&amp;]:mt-0 desktop:[.floated_&amp;]:mb-10 \" data-cy=\"article-content-text\">\n<p class=\"richtext text-em-55 !leading-serif mx-6 desktop:mx-0\">Wir wollten uns mit einer ordentlichen Leistung in die Spielpause verabschieden. In der ersten Halbzeit ist uns dies nicht immer gelungen. Es fehlte uns hier des \u00d6fteren die notwendige Konsequenz im Angriffs- und Abwehrverhalten. Insbesondere wirkten wir in der Defensive zu h\u00e4ufig wie Statisten, wenn Dauns auff\u00e4lligster Sch\u00fctze Ben Gerhardy-Salas zu seinen gef\u00fchlten Slaloml\u00e4ufen durch unsere Abwehr ansetze. In einer ruhigen und sachlichen Halbzeitansprache hat dann Co-Trainer Wolfgang Inselberger bereits alles auf den Punkt gebracht, sodass ich anschlie\u00dfend selbst nichts mehr sagen musste. Im zweiten Abschnitt war es dann ein anderes Spiel. Wir haben uns in der Abwehr viele B\u00e4lle erarbeitet und waren im Angriff h\u00e4ufig \u00fcber die 1. und 2. Welle erfolgreich. Ich gratuliere meinen Jungs zu Ihrer Leistung in den zweiten 25 Minuten. Es hat mir gefallen, dass wir heute auf jeder Position gef\u00e4hrlich waren und so haben sich auch alle Feldspieler mehrfach in die Torsch\u00fctzenliste eintragen k\u00f6nnen. Es war eine geschlossen gute Mannschaftsleistung und so m\u00f6chte ich dieses Mal keinen Spieler herausheben. Nach dem schwierigen Saison-Start mit 2:4 Punkten war die nunmehr erfolgte Qualifikation f\u00fcr die Meisterschaftsrunde f\u00fcr uns kein Selbstl\u00e4ufer gewesen. Die Pl\u00e4tze 5 und 6 waren entsprechend umk\u00e4mpft. In der Rolle des J\u00e4gers freuen wir uns nun auf gleich 4 Heimspiele gegen alle Top 4 Teams der Liga. Dazu kommt das Ausw\u00e4rtsspiel in Vallendar.\u201c, so ein gut gelaunter TVB Coach Siggi Niesen.<\/p>\n<p>\u201eMit einer absolut schlechten Leistung\u201c, so dass Trainergespann der G\u00e4ste, Jochen Scheler und Migo Hilsmann, ist der TuS Daun in Bitburg mit 16 Toren Differenz unter die R\u00e4der gekommen. Zwischen der 5. Und 10. Spielminute konnte sich der TV Bitburg von 2:2 auf 7:2 absetzen. War es zu Beginn des Spiels Martin Moos, der dem Spiel mit seinen Toren den Stempel aufdr\u00fcckte, so r\u00fcckte mit zunehmender Spieldauer immer mehr Bitburgs Keeper Daniel Weiz in dem Mittelpunkt. Mit einer 6 Tore F\u00fchrung f\u00fcr Bitburg wurden die Seiten gewechselt. \u201eIn der 2. H\u00e4lfte versuchten wir nochmal heranzukommen, aber beim Stand von 21:12 in der 34. Minute war der Deckel drauf. Keiner unserer Spieler erreichte heute Normalform. Wir haben Bitburgs Torh\u00fcter von allen Positionen und ohne zu schauen warmgeschossen und leider wieder viel zu viele technische Fehler gemacht. Bitburg hat durch die wesentlich reifere Spielanlage und die konsequentere Chancenverwertung auch in der H\u00f6he absolut verdient gewonnen\u201c, meinten die Dauner Trainer nach dem Abpfiff.<\/p>\n<p>Quelle: mosel-handball.de \/ Trierischer Volksfreund<\/p>\n<\/div>\n<p>ngg_shortcode_0_placeholderDanke an Rene Lazina f\u00fcr die Fotos.<\/p>\n<p>&nbsp;<\/p>\n<\/div>\n<\/div><div class=\"sp-section-content sp-section-content-video\"><\/div><div class=\"sp-section-content sp-section-content-details\"><div class=\"sp-template sp-template-event-details\">\n\t<h4 class=\"sp-table-caption\">Details<\/h4>\n\t<div class=\"sp-table-wrapper\">\n\t\t<table class=\"sp-event-details sp-data-table\n\t\t\t\t\t sp-scrollable-table\">\n\t\t\t<thead>\n\t\t\t\t<tr>\n\t\t\t\t\t\t\t\t\t\t\t<th>Datum<\/th>\n\t\t\t\t\t\t\t\t\t\t\t\t<th>Zeit<\/th>\n\t\t\t\t\t\t\t\t\t\t\t\t<th>Liga<\/th>\n\t\t\t\t\t\t\t\t\t\t\t\t<th>Saison<\/th>\n\t\t\t\t\t\t\t\t\t\t<\/tr>\n\t\t\t<\/thead>\n\t\t\t<tbody>\n\t\t\t\t<tr class=\"odd\">\n\t\t\t\t\t\t\t\t\t\t\t<td>16. Dezember 2023<\/td>\n\t\t\t\t\t\t\t\t\t\t\t\t<td>11:00<\/td>\n\t\t\t\t\t\t\t\t\t\t\t\t<td>mC-Jugend \/ Rheinlandliga<\/td>\n\t\t\t\t\t\t\t\t\t\t\t\t<td>Saison 2023\/24<\/td>\n\t\t\t\t\t\t\t\t\t\t<\/tr>\n\t\t\t<\/tbody>\n\t\t<\/table>\n\t<\/div>\n<\/div>\n<\/div><div class=\"sp-section-content sp-section-content-venue\"><\/div><div class=\"sp-section-content sp-section-content-results\"><div class=\"sp-template sp-template-event-results\">\n\t<h4 class=\"sp-table-caption\">Ergebnisse<\/h4><div class=\"sp-table-wrapper\"><table class=\"sp-event-results sp-data-table sp-scrollable-table\"><thead><th class=\"data-name\">Mannschaft<\/th><th class=\"data-firsthalf\">Halbzeit<\/th><th class=\"data-goals\">Endergebnis<\/th><\/tr><\/thead><tbody><tr class=\"odd\"><td class=\"data-name\"><a href=\"https:\/\/www.dauner-handball.de\/?sp_team=tv-bitburg\">TV Bitburg<\/a><\/td><td class=\"data-firsthalf\">16<\/td><td class=\"data-goals\">34<\/td><\/tr><tr class=\"even\"><td class=\"data-name\"><a href=\"https:\/\/www.dauner-handball.de\/?sp_team=mc-tus-05-daun\">mC TuS 05 Daun<\/a><\/td><td class=\"data-firsthalf\">10<\/td><td class=\"data-goals\">18<\/td><\/tr><\/tbody><\/table><\/div><\/div>\n<\/div><div class=\"sp-section-content sp-section-content-performance\">\t\t<div class=\"sp-event-performance-tables sp-event-performance-teams\">\n\t\t\t<div class=\"sp-template sp-template-event-performance sp-template-event-performance-values\t\t\t\t\t\t\t\t\t\t\t\t\t\t\t\t\t\t\t\t\t\t\t   \">\n\t\t\t<h4 class=\"sp-table-caption\">TV Bitburg<\/h4>\n\t\t<div class=\"sp-table-wrapper\">\n\t\t<table class=\"sp-event-performance sp-data-table\n\t\t\t\t\t\n\t\t\t\t\t\t sp-scrollable-table\n\t\t\t\t\t\t\t sp-sortable-table\">\n\t\t\t<thead>\n\t\t\t\t<tr>\n\t\t\t\t\t\t\t\t\t\t\t\t\t\t\t\t\t\t\t\t\t\t\t\t<th class=\"data-goals\">Tore<\/th>\n\t\t\t\t\t\t\t\t\t\t\t\t\t\t\t<\/tr>\n\t\t\t<\/thead>\n\t\t\t\t\t\t\t\t\t\t<tbody>\n\t\t\t\t\t\t\t\t\t\t\t<tr class=\"sp-total-row odd\">\n\t\t\t\t\t\t\t<td class=\"data-goals\" data-label=\"Tore\">34<\/td>\t\t\t\t\t\t<\/tr>\n\t\t\t\t\t\t\t\t\t<\/tbody>\n\t\t\t\t\t<\/table>\n\t\t\t<\/div>\n\t<\/div>\n<div class=\"sp-template sp-template-event-performance sp-template-event-performance-values\t\t\t\t\t\t\t\t\t\t\t\t\t\t\t\t\t\t\t\t\t\t\t   \">\n\t\t\t<h4 class=\"sp-table-caption\">mC TuS 05 Daun<\/h4>\n\t\t<div class=\"sp-table-wrapper\">\n\t\t<table class=\"sp-event-performance sp-data-table\n\t\t\t\t\t\n\t\t\t\t\t\t sp-scrollable-table\n\t\t\t\t\t\t\t sp-sortable-table\">\n\t\t\t<thead>\n\t\t\t\t<tr>\n\t\t\t\t\t\t\t\t\t\t\t\t\t\t\t\t\t\t\t\t\t\t\t\t<th class=\"data-goals\">Tore<\/th>\n\t\t\t\t\t\t\t\t\t\t\t\t\t\t\t<\/tr>\n\t\t\t<\/thead>\n\t\t\t\t\t\t\t\t\t\t<tbody>\n\t\t\t\t\t\t\t\t\t\t\t<tr class=\"sp-total-row odd\">\n\t\t\t\t\t\t\t<td class=\"data-goals\" data-label=\"Tore\">18<\/td>\t\t\t\t\t\t<\/tr>\n\t\t\t\t\t\t\t\t\t<\/tbody>\n\t\t\t\t\t<\/table>\n\t\t\t<\/div>\n\t<\/div>\t\t<\/div><!-- .sp-event-performance-tables -->\n\t\t<\/div><div class=\"sp-section-content sp-section-content-past_meetings\"><\/div><div class=\"sp-section-content sp-section-content-timeline\"><\/div><div class=\"sp-tab-group\"><\/div><\/div><\/div>\n<\/div>\n<div dir=\"auto\">&nbsp;<\/div>\n<div dir=\"auto\">&nbsp;<\/div>\n","protected":false},"excerpt":{"rendered":"<p>&nbsp; &nbsp;<\/p>\n","protected":false},"author":1,"featured_media":27248,"comment_status":"closed","ping_status":"closed","sticky":false,"template":"","format":"image","meta":{"ngg_post_thumbnail":0,"footnotes":""},"categories":[184,211],"tags":[107,111,187],"class_list":["post-27247","post","type-post","status-publish","format-image","has-post-thumbnail","hentry","category-2023-24","category-mc-jugend-2023-24","tag-jugend","tag-mc-jugend","tag-saison-2023-24","post_format-post-format-image"],"_links":{"self":[{"href":"https:\/\/www.dauner-handball.de\/index.php?rest_route=\/wp\/v2\/posts\/27247","targetHints":{"allow":["GET"]}}],"collection":[{"href":"https:\/\/www.dauner-handball.de\/index.php?rest_route=\/wp\/v2\/posts"}],"about":[{"href":"https:\/\/www.dauner-handball.de\/index.php?rest_route=\/wp\/v2\/types\/post"}],"author":[{"embeddable":true,"href":"https:\/\/www.dauner-handball.de\/index.php?rest_route=\/wp\/v2\/users\/1"}],"replies":[{"embeddable":true,"href":"https:\/\/www.dauner-handball.de\/index.php?rest_route=%2Fwp%2Fv2%2Fcomments&post=27247"}],"version-history":[{"count":1,"href":"https:\/\/www.dauner-handball.de\/index.php?rest_route=\/wp\/v2\/posts\/27247\/revisions"}],"predecessor-version":[{"id":27249,"href":"https:\/\/www.dauner-handball.de\/index.php?rest_route=\/wp\/v2\/posts\/27247\/revisions\/27249"}],"wp:featuredmedia":[{"embeddable":true,"href":"https:\/\/www.dauner-handball.de\/index.php?rest_route=\/wp\/v2\/media\/27248"}],"wp:attachment":[{"href":"https:\/\/www.dauner-handball.de\/index.php?rest_route=%2Fwp%2Fv2%2Fmedia&parent=27247"}],"wp:term":[{"taxonomy":"category","embeddable":true,"href":"https:\/\/www.dauner-handball.de\/index.php?rest_route=%2Fwp%2Fv2%2Fcategories&post=27247"},{"taxonomy":"post_tag","embeddable":true,"href":"https:\/\/www.dauner-handball.de\/index.php?rest_route=%2Fwp%2Fv2%2Ftags&post=27247"}],"curies":[{"name":"wp","href":"https:\/\/api.w.org\/{rel}","templated":true}]}}