{"id":1235,"date":"2019-08-31T19:30:47","date_gmt":"2019-08-31T17:30:47","guid":{"rendered":"http:\/\/dauner-handball.info\/?p=1235"},"modified":"2020-10-11T18:36:18","modified_gmt":"2020-10-11T16:36:18","slug":"tus-05-daun-fortuna-saarburg","status":"publish","type":"post","link":"https:\/\/www.dauner-handball.de\/?p=1235","title":{"rendered":"1M TuS 05 Daun &#8211; Fortuna Saarburg"},"content":{"rendered":"<div class=\"sportspress\"><div class=\"sp-section-content sp-section-content-logos\"><div class=\"sp-template sp-template-event-logos sp-template-event-logos-inline\"><div class=\"sp-event-logos sp-event-logos-2\"><span class=\"sp-team-logo\"><a href=\"https:\/\/www.dauner-handball.de\/?sp_team=tus-05-daun\"><strong class=\"sp-team-name\">TuS 05 Daun<\/strong> <img decoding=\"async\" width=\"124\" height=\"128\" src=\"https:\/\/www.dauner-handball.de\/wp-content\/uploads\/2020\/05\/tus-handballer-1-124x128.png\" class=\"attachment-sportspress-fit-icon size-sportspress-fit-icon wp-post-image\" alt=\"\" \/><\/a><\/span> - <span class=\"sp-team-logo\"><a href=\"https:\/\/www.dauner-handball.de\/?sp_team=fortuna-saarburg\"><img decoding=\"async\" width=\"107\" height=\"128\" src=\"https:\/\/www.dauner-handball.de\/wp-content\/uploads\/2020\/05\/saarburg.png\" class=\"attachment-sportspress-fit-icon size-sportspress-fit-icon wp-post-image\" alt=\"\" \/> <strong class=\"sp-team-name\">Fortuna Saarburg<\/strong><\/a><\/span><\/div><\/div><\/div><div class=\"sp-section-content sp-section-content-excerpt\"><\/div><div class=\"sp-section-content sp-section-content-content\"><p>Mit einem in dieser H\u00f6he nicht erwarteten Sieg setzte sich der TuS Daun \u00fcber den Aufsteiger aus Saarburg durch, zeigte dabei dem Gast die Grenzen auf. Erneut mussten die G\u00e4ste auf ihren Neuzugang Edin Mesevic verzichten, der laut Aussage von Trainer Uwe Moske auf der R\u00fcckreise aus dem Urlaub im Stau stecken geblieben ist und so war der R\u00fcckraum der G\u00e4ste relativ leicht auszurechen.<\/p>\n<p>Mit Julius Hoffmann stand Trainer Uwe Moske so nur ein gef\u00e4hrlicher Distanzsch\u00fctze zur Verf\u00fcgung und so verlief die Begegnung \u00e4hnlich wie im Pokal. &nbsp;Daun gen\u00fcgte eine \u201esolide Abwehr\u201c (Zitat TuS Coach Markus Willems), um sich peu a peu abzusetzen.<\/p>\n<p>Nach ausgeglichener Anfangsphase gelang es dem Team von Trainer Markus Willems ab dem 6:5 in der 11. Minute auf 8:5 ab, G\u00e4stetrainer Uwe Moske nahm seine erste Auszeit. Doch es wurde nicht besser im G\u00e4stespiel und so setzte sich das Willems-Team auf 12:7 in der 22. Minute aus, Moske zog die Rei\u00dfleine und nahm die n\u00e4chste Auszeit. Doch der TUS-Express war nicht aufzuhalten, bis zur Pause gelang die deutliche 20:12 F\u00fchrung.<br \/>\n\u201eZur Pause war das Spiel bereits durch. Ohne \u00fcberheblich klingen zu wollen, h\u00e4tten wir aber durchaus h\u00f6her f\u00fchren k\u00f6nnen. Wir vergaben anfangs einige Chancen, weil wir uns im Gegensto\u00df zu viele technische Fehler leisteten. Das war aber auch der Tatsache geschuldet, dass wir unser Tempo hochhalten wollen\u201c, erkl\u00e4rte Willems.<\/p>\n<p>\u201eDie ersten 10 Minuten waren wir ein gleichwertiger Gegner, dann aber setzte sich Daun aufgrund seiner konditionellen \u00dcberlegenheit durch\u201c, fand G\u00e4stetrainer Uwe Moske.<br \/>\nBis zum 25:18 in der 42. Minute lieferten sich beide Mannschaften nach dem Wechsel ein Spiel auf Augenh\u00f6he, doch dann hatten die Eifelaner sowohl spielerisch als auch konditionell mehr zuzusetzen und feierten am Ende einen klaren 38:25 Erfolg.<\/p>\n<p>\u201eDie Tatsache, dass wir uns zu Beginn der zweiten H\u00e4lfte nicht weiter absetzten, lag daran, dass wir unsere \u00dcberzahlsituation nicht nutzten, einfach in dieser Phase schlecht spielten. Zudem habe ich einiges im Deckungsverband ausprobiert, brachte Spieler auf Positionen, die sie so nicht gewohnt waren und das klappte nicht so gut. Sicherlich ist es schwer, bei einer so klaren F\u00fchrung das Letzte rauszuholen und so bleibt bei uns Luft nach oben. Kai Li\u00dfmann hat gez\u00fcndet, sowohl aus dem R\u00fcckraum als auch \u00fcber die zweite Welle. Gelungen sind uns die Spielz\u00fcge, nach denen wir frei vorm Tor zum Abschluss kommen. Unterm Strich bin ich aber mit dem Auftakt sehr zufrieden, doch unsere Chancenverwertung k\u00f6nnte besser sein und auch in der Abwehr haben wir zu oft geschlafen. Es war ein faires Spiel und der guten Leitung des Gespanns Niesen\/Hemmes, in der Saarburg ohne Chance war\u201c, res\u00fcmierte Dauns Coach Markus Willems.<\/p>\n<p>\u201eWir haben unser Ziel, lediglich mit einer Differenz von unter 10 Toren zu verlieren, nicht erreicht. Mit 25 Toren im Angriff bin ich nicht unzufrieden, 38 Gegentore sind aber eindeutig zu viel. Doch erneut waren wir in den ersten 10 Minuten der zweiten H\u00e4lfte auf Augenh\u00f6he, dann war der konditionelle Einbruch erkennbar. Erst seit drei Wochen sind wir in der Vorbereitung und haben noch nicht die Form, die wir im Juni hatten. Mit dreimaligem w\u00f6chentlichem Training arbeiten wir aber an den Defiziten\u201c, verspricht Moske.<\/p>\nngg_shortcode_0_placeholder\n<\/div><div class=\"sp-section-content sp-section-content-video\"><\/div><div class=\"sp-section-content sp-section-content-details\"><div class=\"sp-template sp-template-event-details\">\n\t<h4 class=\"sp-table-caption\">Details<\/h4>\n\t<div class=\"sp-table-wrapper\">\n\t\t<table class=\"sp-event-details sp-data-table\n\t\t\t\t\t sp-scrollable-table\">\n\t\t\t<thead>\n\t\t\t\t<tr>\n\t\t\t\t\t\t\t\t\t\t\t<th>Datum<\/th>\n\t\t\t\t\t\t\t\t\t\t\t\t<th>Zeit<\/th>\n\t\t\t\t\t\t\t\t\t\t\t\t<th>Liga<\/th>\n\t\t\t\t\t\t\t\t\t\t\t\t<th>Saison<\/th>\n\t\t\t\t\t\t\t\t\t\t<\/tr>\n\t\t\t<\/thead>\n\t\t\t<tbody>\n\t\t\t\t<tr class=\"odd\">\n\t\t\t\t\t\t\t\t\t\t\t<td>31. August 2019<\/td>\n\t\t\t\t\t\t\t\t\t\t\t\t<td>19:30<\/td>\n\t\t\t\t\t\t\t\t\t\t\t\t<td>Rheinlandliga Herren<\/td>\n\t\t\t\t\t\t\t\t\t\t\t\t<td>Saison 2019\/20<\/td>\n\t\t\t\t\t\t\t\t\t\t<\/tr>\n\t\t\t<\/tbody>\n\t\t<\/table>\n\t<\/div>\n<\/div>\n<\/div><div class=\"sp-section-content sp-section-content-venue\">\t<div class=\"sp-template sp-template-event-venue\">\n\t\t<h4 class=\"sp-table-caption\">Austragungsort<\/h4>\n\t\t<table class=\"sp-data-table sp-event-venue\">\n\t\t\t<thead>\n\t\t\t\t<tr>\n\t\t\t\t\t<th><a href=\"https:\/\/www.dauner-handball.de\/?sp_venue=wehrbueschhalle-daun\">Wehrb\u00fcschhalle<\/a><\/th>\n\t\t\t\t<\/tr>\n\t\t\t<\/thead>\n\t\t\t\t\t<\/table>\n\t<\/div>\n\t<\/div><div class=\"sp-section-content sp-section-content-results\"><div class=\"sp-template sp-template-event-results\">\n\t<h4 class=\"sp-table-caption\">Ergebnisse<\/h4><div class=\"sp-table-wrapper\"><table class=\"sp-event-results sp-data-table sp-scrollable-table\"><thead><th class=\"data-name\">Mannschaft<\/th><th class=\"data-firsthalf\">Halbzeit<\/th><th class=\"data-goals\">Endergebnis<\/th><\/tr><\/thead><tbody><tr class=\"odd\"><td class=\"data-name\"><a href=\"https:\/\/www.dauner-handball.de\/?sp_team=tus-05-daun\">TuS 05 Daun<\/a><\/td><td class=\"data-firsthalf\">20<\/td><td class=\"data-goals\">38<\/td><\/tr><tr class=\"even\"><td class=\"data-name\"><a href=\"https:\/\/www.dauner-handball.de\/?sp_team=fortuna-saarburg\">Fortuna Saarburg<\/a><\/td><td class=\"data-firsthalf\">12<\/td><td class=\"data-goals\">25<\/td><\/tr><\/tbody><\/table><\/div><\/div>\n<\/div><div class=\"sp-section-content sp-section-content-performance\">\t\t<div class=\"sp-event-performance-tables sp-event-performance-teams\">\n\t\t\t<div class=\"sp-template sp-template-event-performance sp-template-event-performance-values\t\t\t\t\t\t\t\t\t\t\t\t\t\t\t\t\t\t\t\t\t\t\t   \">\n\t\t\t<h4 class=\"sp-table-caption\">TuS 05 Daun<\/h4>\n\t\t<div class=\"sp-table-wrapper\">\n\t\t<table class=\"sp-event-performance sp-data-table\n\t\t\t\t\t\n\t\t\t\t\t\t sp-scrollable-table\n\t\t\t\t\t\t\t sp-sortable-table\">\n\t\t\t<thead>\n\t\t\t\t<tr>\n\t\t\t\t\t\t\t\t\t\t\t\t\t\t\t\t\t\t\t\t\t\t\t\t\t\t<th class=\"data-number\">#<\/th>\n\t\t\t\t\t\t\t\t\t\t\t\t\t\t<th class=\"data-name\">\n\t\t\t\t\t\t\t\t\t\t\t\t\t\t\t\t\tSpieler\t\t\t\t\t\t\t\t\t\t\t\t\t\t\t<\/th>\n\t\t\t\t\t\t\t\t\t\t\t\t\t\t\t\t\t\t\t<th class=\"data-goals\">Tore<\/th>\n\t\t\t\t\t\t\t\t\t\t\t\t\t\t\t<\/tr>\n\t\t\t<\/thead>\n\t\t\t\t\t\t\t<tbody>\n\t\t\t\t\t<tr class=\"lineup odd\"><td class=\"data-number\" data-label=\"#\">1<\/td><td class=\"data-name\" data-label=\"Spieler\"><a href=\"https:\/\/www.dauner-handball.de\/?sp_player=maurice-rode\">Maurice Rode<\/a><\/td><td class=\"data-goals\" data-label=\"Tore\">0<\/td><\/tr><tr class=\"lineup even\"><td class=\"data-number\" data-label=\"#\">2<\/td><td class=\"data-name\" data-label=\"Spieler\"><a href=\"https:\/\/www.dauner-handball.de\/?sp_player=daniel-eich\">Daniel Eich<\/a><\/td><td class=\"data-goals\" data-label=\"Tore\">0<\/td><\/tr><tr class=\"lineup odd\"><td class=\"data-number\" data-label=\"#\">3<\/td><td class=\"data-name\" data-label=\"Spieler\"><a href=\"https:\/\/www.dauner-handball.de\/?sp_player=thinh-hoang-tran\">Thinh Hoang Tran<\/a><\/td><td class=\"data-goals\" data-label=\"Tore\">1<\/td><\/tr><tr class=\"lineup even\"><td class=\"data-number\" data-label=\"#\">5<\/td><td class=\"data-name\" data-label=\"Spieler\"><a href=\"https:\/\/www.dauner-handball.de\/?sp_player=johannes-praeder\">Johannes Praeder<\/a><\/td><td class=\"data-goals\" data-label=\"Tore\">0<\/td><\/tr><tr class=\"lineup odd\"><td class=\"data-number\" data-label=\"#\">8<\/td><td class=\"data-name\" data-label=\"Spieler\"><a href=\"https:\/\/www.dauner-handball.de\/?sp_player=matthis-otto\">Matthis Otto<\/a><\/td><td class=\"data-goals\" data-label=\"Tore\">2<\/td><\/tr><tr class=\"lineup even\"><td class=\"data-number\" data-label=\"#\">11<\/td><td class=\"data-name\" data-label=\"Spieler\"><a href=\"https:\/\/www.dauner-handball.de\/?sp_player=jannis-willems\">Jannis Willems<\/a><\/td><td class=\"data-goals\" data-label=\"Tore\">10<\/td><\/tr><tr class=\"lineup odd\"><td class=\"data-number\" data-label=\"#\">12<\/td><td class=\"data-name\" data-label=\"Spieler\"><a href=\"https:\/\/www.dauner-handball.de\/?sp_player=holger-neis\">Holger Neis<\/a><\/td><td class=\"data-goals\" data-label=\"Tore\">0<\/td><\/tr><tr class=\"lineup even\"><td class=\"data-number\" data-label=\"#\">14<\/td><td class=\"data-name\" data-label=\"Spieler\"><a href=\"https:\/\/www.dauner-handball.de\/?sp_player=patrick-bruemmer\">Patrick Br\u00fcmmer<\/a><\/td><td class=\"data-goals\" data-label=\"Tore\">1<\/td><\/tr><tr class=\"lineup odd\"><td class=\"data-number\" data-label=\"#\">22<\/td><td class=\"data-name\" data-label=\"Spieler\"><a href=\"https:\/\/www.dauner-handball.de\/?sp_player=sebastian-praeder\">Sebastian Praeder<\/a><\/td><td class=\"data-goals\" data-label=\"Tore\">8<\/td><\/tr><tr class=\"lineup even\"><td class=\"data-number\" data-label=\"#\">23<\/td><td class=\"data-name\" data-label=\"Spieler\"><a href=\"https:\/\/www.dauner-handball.de\/?sp_player=kai-lissmann\">Kai Li\u00dfmann<\/a><\/td><td class=\"data-goals\" data-label=\"Tore\">11<\/td><\/tr><tr class=\"lineup odd\"><td class=\"data-number\" data-label=\"#\">31<\/td><td class=\"data-name\" data-label=\"Spieler\"><a href=\"https:\/\/www.dauner-handball.de\/?sp_player=lukas-mayer\">Lukas Mayer<\/a><\/td><td class=\"data-goals\" data-label=\"Tore\">5<\/td><\/tr><tr class=\"lineup even\"><td class=\"data-number\" data-label=\"#\">69<\/td><td class=\"data-name\" data-label=\"Spieler\"><a href=\"https:\/\/www.dauner-handball.de\/?sp_player=igor-rahn\">Igor Rahn<\/a><\/td><td class=\"data-goals\" data-label=\"Tore\">0<\/td><\/tr>\t\t\t\t<\/tbody>\n\t\t\t\t\t\t\t\t\t\t<tfoot>\n\t\t\t\t\t\t\t\t\t\t\t<tr class=\"sp-total-row odd\">\n\t\t\t\t\t\t\t<td class=\"data-number\" data-label=\"&nbsp;\">&nbsp;<\/td><td class=\"data-name\" data-label=\"&nbsp;\">Gesamt<\/td><td class=\"data-goals\" data-label=\"Tore\">38<\/td>\t\t\t\t\t\t<\/tr>\n\t\t\t\t\t\t\t\t\t<\/tfoot>\n\t\t\t\t\t<\/table>\n\t\t<div class=\"sp-template sp-template-event-staff\">\n\t<p class=\"sp-event-staff\">\n\tTrainer: <a href=\"https:\/\/www.dauner-handball.de\/?sp_staff=markus-willems\">Markus Willems<\/a><br>Physio: <a href=\"https:\/\/www.dauner-handball.de\/?sp_staff=ralf-otto\">Ralf Otto<\/a><br>\t<\/p>\n<\/div>\n\t<\/div>\n\t<\/div>\n<div class=\"sp-template sp-template-event-performance sp-template-event-performance-values\t\t\t\t\t\t\t\t\t\t\t\t\t\t\t\t\t\t\t\t\t\t\t   \">\n\t\t\t<h4 class=\"sp-table-caption\">Fortuna Saarburg<\/h4>\n\t\t<div class=\"sp-table-wrapper\">\n\t\t<table class=\"sp-event-performance sp-data-table\n\t\t\t\t\t\n\t\t\t\t\t\t sp-scrollable-table\n\t\t\t\t\t\t\t sp-sortable-table\">\n\t\t\t<thead>\n\t\t\t\t<tr>\n\t\t\t\t\t\t\t\t\t\t\t\t\t\t\t\t\t\t\t\t\t\t\t\t<th class=\"data-goals\">Tore<\/th>\n\t\t\t\t\t\t\t\t\t\t\t\t\t\t\t<\/tr>\n\t\t\t<\/thead>\n\t\t\t\t\t\t\t\t\t\t<tbody>\n\t\t\t\t\t\t\t\t\t\t\t<tr class=\"sp-total-row odd\">\n\t\t\t\t\t\t\t<td class=\"data-goals\" data-label=\"Tore\">25<\/td>\t\t\t\t\t\t<\/tr>\n\t\t\t\t\t\t\t\t\t<\/tbody>\n\t\t\t\t\t<\/table>\n\t\t\t<\/div>\n\t<\/div>\t\t<\/div><!-- .sp-event-performance-tables -->\n\t\t<\/div><div class=\"sp-section-content sp-section-content-past_meetings\"><\/div><div class=\"sp-section-content sp-section-content-timeline\"><\/div><div class=\"sp-tab-group\"><ul class=\"sp-tab-menu\"><li class=\"sp-tab-menu-item sp-tab-menu-item-active\"><a href=\"#sp-tab-content-officials\" data-sp-tab=\"officials\">Officials<\/a><\/li><\/ul><div class=\"sp-tab-content sp-tab-content-officials\" id=\"sp-tab-content-officials\" style=\"display: block\"><div class=\"sp-template sp-template-event-officials\">\n\t<h4 class=\"sp-table-caption\">Officials<\/h4>\n\t<div class=\"sp-table-wrapper\">\n\t\t<table class=\"sp-event-officials sp-data-table sp-scrollable-table\">\n\t\t\t<thead>\n\t\t\t\t<tr>\n\t\t\t\t\t<th class=\"data-name\">Sekret\u00e4r<\/th><th class=\"data-name\">Schiedsrichter<\/th><th class=\"data-name\">Zeitnehmer<\/th>\t\t\t\t<\/tr>\n\t\t\t<\/thead>\n\t\t\t<tbody>\n\t\t\t\t<tr>\n\t\t\t\t\t<td class=\"data-name\">Tanja Otto<\/td><td class=\"data-name\">Michael Hemmes<br>Siegfried Niesen<\/td><td class=\"data-name\">J\u00fcrgen Weber<\/td>\t\t\t\t<\/tr>\n\t\t\t<\/tbody>\n\t\t<\/table>\n\t<\/div>\n<\/div><\/div><\/div><\/div>\n","protected":false},"excerpt":{"rendered":"","protected":false},"author":1,"featured_media":1229,"comment_status":"closed","ping_status":"closed","sticky":false,"template":"","format":"image","meta":{"ngg_post_thumbnail":0,"footnotes":""},"categories":[21,20],"tags":[28,103,67],"class_list":["post-1235","post","type-post","status-publish","format-image","has-post-thumbnail","hentry","category-1herren","category-saison201920","tag-1-herren","tag-rheinland-liga","tag-saison-2019-20","post_format-post-format-image"],"_links":{"self":[{"href":"https:\/\/www.dauner-handball.de\/index.php?rest_route=\/wp\/v2\/posts\/1235","targetHints":{"allow":["GET"]}}],"collection":[{"href":"https:\/\/www.dauner-handball.de\/index.php?rest_route=\/wp\/v2\/posts"}],"about":[{"href":"https:\/\/www.dauner-handball.de\/index.php?rest_route=\/wp\/v2\/types\/post"}],"author":[{"embeddable":true,"href":"https:\/\/www.dauner-handball.de\/index.php?rest_route=\/wp\/v2\/users\/1"}],"replies":[{"embeddable":true,"href":"https:\/\/www.dauner-handball.de\/index.php?rest_route=%2Fwp%2Fv2%2Fcomments&post=1235"}],"version-history":[{"count":4,"href":"https:\/\/www.dauner-handball.de\/index.php?rest_route=\/wp\/v2\/posts\/1235\/revisions"}],"predecessor-version":[{"id":5275,"href":"https:\/\/www.dauner-handball.de\/index.php?rest_route=\/wp\/v2\/posts\/1235\/revisions\/5275"}],"wp:featuredmedia":[{"embeddable":true,"href":"https:\/\/www.dauner-handball.de\/index.php?rest_route=\/wp\/v2\/media\/1229"}],"wp:attachment":[{"href":"https:\/\/www.dauner-handball.de\/index.php?rest_route=%2Fwp%2Fv2%2Fmedia&parent=1235"}],"wp:term":[{"taxonomy":"category","embeddable":true,"href":"https:\/\/www.dauner-handball.de\/index.php?rest_route=%2Fwp%2Fv2%2Fcategories&post=1235"},{"taxonomy":"post_tag","embeddable":true,"href":"https:\/\/www.dauner-handball.de\/index.php?rest_route=%2Fwp%2Fv2%2Ftags&post=1235"}],"curies":[{"name":"wp","href":"https:\/\/api.w.org\/{rel}","templated":true}]}}